



{"id":920,"date":"2019-10-21T16:30:42","date_gmt":"2019-10-21T14:30:42","guid":{"rendered":"https:\/\/www.tadig.es\/blog\/?p=920"},"modified":"2020-09-08T10:55:33","modified_gmt":"2020-09-08T08:55:33","slug":"nuevas-vias-de-comunicacion-con-tadig","status":"publish","type":"post","link":"https:\/\/www.tadig.es\/blog\/nuevas-vias-de-comunicacion-con-tadig\/","title":{"rendered":"Nuevas v\u00edas de comunicaci\u00f3n con TADIG"},"content":{"rendered":"<p>A lo largo de 11 a\u00f1os ofreciendo nuestros servicios de gesti\u00f3n y an\u00e1lisis del tac\u00f3grafo digital, el panorama del mundo del transporte no se ha mantenido est\u00e1tico. Transformaciones en materia de legislaci\u00f3n, actualizaci\u00f3n de necesidades de nuestros clientes, mejora y abaratamiento de la tecnolog\u00eda\u2026 El mundo evoluciona, y nosotros buscamos seguir a bordo del cambio, siempre.<\/p>\n<p>Sin embargo, y por mucho que el entorno sea diferente, nuestro objetivo sigue siendo el mismo: facilitar el trabajo de transportistas y conductores para que puedan centrarse en su labor principal, ayud\u00e1ndoles a gestionar su tac\u00f3grafo, pero tambi\u00e9n permiti\u00e9ndoles aprovechar al m\u00e1ximo toda la informaci\u00f3n que este les aporta.<\/p>\n<p>Para ello, tenemos en cuenta cada llamada a nuestro servicio de soporte, cada correo electr\u00f3nico recibido, cada conversaci\u00f3n con un cliente por breve que esta sea. Para ayudar, el primer paso es escuchar, y una de las cosas que m\u00e1s a menudo nos piden es informaci\u00f3n.<\/p>\n<p>Por eso, y para continuar con nuestros objetivos lanzamos, por un lado, <a href=\"https:\/\/www.tadig.es\/blog\/\" target=\"_blank\" rel=\"noopener noreferrer\">el blog de TADIG<\/a>, en el que queremos reunir todos los recursos relevantes para los usuarios del tac\u00f3grafo digital. Desde <a href=\"https:\/\/www.tadig.es\/blog\/tag\/aprende-a-usar-el-tacografo-digital\/\" target=\"_blank\" rel=\"noopener noreferrer\">lecciones de uso del tac\u00f3grafo digital<\/a> hasta <a href=\"https:\/\/www.tadig.es\/blog\/category\/normativa\/\" target=\"_blank\" rel=\"noopener noreferrer\">legislaci\u00f3n relevante<\/a>, pasando por noticias relacionadas con el aparato de control.<\/p>\n<p>Por otro lado, recuperamos nuestra cuenta de <a href=\"https:\/\/twitter.com\/tacografo_tadig\" target=\"_blank\" rel=\"noopener noreferrer\">Twitter<\/a> como altavoz, tanto para contenido propio como para compartir noticias del mundo del transporte por carretera, tanto de mercanc\u00edas como de viajeros. Por \u00faltimo, lanzamos perfiles de <a href=\"https:\/\/www.facebook.com\/TADIG-Gesti\u00f3n-del-Tac\u00f3grafo-Digital-104740367612942\/\" target=\"_blank\" rel=\"noopener noreferrer\">Facebook<\/a> y <a href=\"https:\/\/www.linkedin.com\/company\/51629415\/\" target=\"_blank\" rel=\"noopener noreferrer\">Linkedin<\/a> para completar nuestros canales de comunicaci\u00f3n.<\/p>\n<p>Estas v\u00edas se encuentran abiertas para todo aquel interesado en <a href=\"https:\/\/www.tadig.es\/el-tacografo-digital\/servicio\" target=\"_blank\" rel=\"noopener noreferrer\">una mejor gesti\u00f3n de su tac\u00f3grafo digital<\/a>. Y, por supuesto, nuestras v\u00edas de comunicaci\u00f3n habituales funcionan para ofrecer un servicio \u00edntegro.<\/p>\n<div class=\"su-box-content green\">\n<p><span class=\"su-box-title\">Contacta con TADIG<\/span><\/p>\n<ul>\n<li><strong>Tel\u00e9fono:<\/strong> +34 91 060 24 24<\/li>\n<li><strong>Correo electr\u00f3nico:<\/strong> <a href=\"mailto:info@tadig.es\">info@tadig.es<\/a><\/li>\n<li><strong>Twitter:<\/strong> <a href=\"https:\/\/twitter.com\/tacografo_tadig\" target=\"_blank\" rel=\"noopener noreferrer\">@tacografo_tadig<\/a><\/li>\n<li><strong>Facebook:<\/strong> <a href=\"https:\/\/www.facebook.com\/TADIG-Gesti\u00f3n-del-Tac\u00f3grafo-Digital-104740367612942\/\" target=\"_blank\" rel=\"noopener noreferrer\">TADIG Gesti\u00f3n del tac\u00f3grafo digital<\/a><\/li>\n<li><strong>Linkedin:<\/strong> <a href=\"https:\/\/www.linkedin.com\/company\/51629415\/\" target=\"_blank\" rel=\"noopener noreferrer\">TADIG Gesti\u00f3n del tac\u00f3grafo digital<\/a><\/li>\n<\/ul>\n<\/div>\n","protected":false},"excerpt":{"rendered":"<p>A lo largo de 11 a\u00f1os ofreciendo nuestros servicios de gesti\u00f3n y an\u00e1lisis del tac\u00f3grafo digital, el panorama del mundo del transporte no se ha mantenido est\u00e1tico. Transformaciones en materia de legislaci\u00f3n, actualizaci\u00f3n de necesidades de nuestros clientes, mejora y abaratamiento de la tecnolog\u00eda\u2026 El mundo evoluciona, y nosotros buscamos seguir a bordo del cambio,&hellip;&nbsp;<\/p>\n<div class=\"read-more-wrapper\"><a href=\"https:\/\/www.tadig.es\/blog\/nuevas-vias-de-comunicacion-con-tadig\/\" class=\"button button-primary\" rel=\"bookmark\">Seguir leyendo \u00bb<span class=\"screen-reader-text\">Nuevas v\u00edas de comunicaci\u00f3n con TADIG<\/span><\/a><\/div>\n","protected":false},"author":2,"featured_media":0,"comment_status":"open","ping_status":"closed","sticky":false,"template":"","format":"standard","meta":{"neve_meta_sidebar":"","neve_meta_container":"","neve_meta_enable_content_width":"","neve_meta_content_width":0,"neve_meta_title_alignment":"","neve_meta_author_avatar":"","neve_post_elements_order":"","neve_meta_disable_header":"","neve_meta_disable_footer":"","neve_meta_disable_title":"","neve_meta_reading_time":"","footnotes":""},"categories":[2],"tags":[37],"class_list":["post-920","post","type-post","status-publish","format-standard","hentry","category-tadig","tag-tadig"],"yoast_head":"<!-- This site is optimized with the Yoast SEO plugin v27.1.1 - https:\/\/yoast.com\/product\/yoast-seo-wordpress\/ -->\n<title>Nuevas v\u00edas de comunicaci\u00f3n con TADIG - TADIG | Blog<\/title>\n<meta name=\"robots\" content=\"noindex, follow\" \/>\n<meta property=\"og:locale\" content=\"es_ES\" \/>\n<meta property=\"og:type\" content=\"article\" \/>\n<meta property=\"og:title\" content=\"Nuevas v\u00edas de comunicaci\u00f3n con TADIG - TADIG | Blog\" \/>\n<meta property=\"og:description\" content=\"A lo largo de 11 a\u00f1os ofreciendo nuestros servicios de gesti\u00f3n y an\u00e1lisis del tac\u00f3grafo digital, el panorama del mundo del transporte no se ha mantenido est\u00e1tico. Transformaciones en materia de legislaci\u00f3n, actualizaci\u00f3n de necesidades de nuestros clientes, mejora y abaratamiento de la tecnolog\u00eda\u2026 El mundo evoluciona, y nosotros buscamos seguir a bordo del cambio,&hellip;&nbsp;Seguir leyendo \u00bbNuevas v\u00edas de comunicaci\u00f3n con TADIG\" \/>\n<meta property=\"og:url\" content=\"https:\/\/www.tadig.es\/blog\/nuevas-vias-de-comunicacion-con-tadig\/\" \/>\n<meta property=\"og:site_name\" content=\"TADIG | Blog\" \/>\n<meta property=\"article:published_time\" content=\"2019-10-21T14:30:42+00:00\" \/>\n<meta property=\"article:modified_time\" content=\"2020-09-08T08:55:33+00:00\" \/>\n<meta name=\"author\" content=\"Raquel de TADIG\" \/>\n<meta name=\"twitter:card\" content=\"summary_large_image\" \/>\n<meta name=\"twitter:creator\" content=\"@tacografo_Tadig\" \/>\n<meta name=\"twitter:site\" content=\"@tacografo_Tadig\" \/>\n<meta name=\"twitter:label1\" content=\"Escrito por\" \/>\n\t<meta name=\"twitter:data1\" content=\"Raquel de TADIG\" \/>\n\t<meta name=\"twitter:label2\" content=\"Tiempo de lectura\" \/>\n\t<meta name=\"twitter:data2\" content=\"2 minutos\" \/>\n<script type=\"application\/ld+json\" class=\"yoast-schema-graph\">{\"@context\":\"https:\/\/schema.org\",\"@graph\":[{\"@type\":\"Article\",\"@id\":\"https:\/\/www.tadig.es\/blog\/nuevas-vias-de-comunicacion-con-tadig\/#article\",\"isPartOf\":{\"@id\":\"https:\/\/www.tadig.es\/blog\/nuevas-vias-de-comunicacion-con-tadig\/\"},\"author\":{\"name\":\"Raquel de TADIG\",\"@id\":\"https:\/\/www.tadig.es\/blog\/#\/schema\/person\/9cf0c19b32fe558592dd4e212befeeac\"},\"headline\":\"Nuevas v\u00edas de comunicaci\u00f3n con TADIG\",\"datePublished\":\"2019-10-21T14:30:42+00:00\",\"dateModified\":\"2020-09-08T08:55:33+00:00\",\"mainEntityOfPage\":{\"@id\":\"https:\/\/www.tadig.es\/blog\/nuevas-vias-de-comunicacion-con-tadig\/\"},\"wordCount\":341,\"commentCount\":0,\"publisher\":{\"@id\":\"https:\/\/www.tadig.es\/blog\/#organization\"},\"keywords\":[\"tadig\"],\"articleSection\":[\"Tadig\"],\"inLanguage\":\"es\",\"potentialAction\":[{\"@type\":\"CommentAction\",\"name\":\"Comment\",\"target\":[\"https:\/\/www.tadig.es\/blog\/nuevas-vias-de-comunicacion-con-tadig\/#respond\"]}]},{\"@type\":\"WebPage\",\"@id\":\"https:\/\/www.tadig.es\/blog\/nuevas-vias-de-comunicacion-con-tadig\/\",\"url\":\"https:\/\/www.tadig.es\/blog\/nuevas-vias-de-comunicacion-con-tadig\/\",\"name\":\"Nuevas v\u00edas de comunicaci\u00f3n con TADIG - TADIG | Blog\",\"isPartOf\":{\"@id\":\"https:\/\/www.tadig.es\/blog\/#website\"},\"datePublished\":\"2019-10-21T14:30:42+00:00\",\"dateModified\":\"2020-09-08T08:55:33+00:00\",\"breadcrumb\":{\"@id\":\"https:\/\/www.tadig.es\/blog\/nuevas-vias-de-comunicacion-con-tadig\/#breadcrumb\"},\"inLanguage\":\"es\",\"potentialAction\":[{\"@type\":\"ReadAction\",\"target\":[\"https:\/\/www.tadig.es\/blog\/nuevas-vias-de-comunicacion-con-tadig\/\"]}]},{\"@type\":\"BreadcrumbList\",\"@id\":\"https:\/\/www.tadig.es\/blog\/nuevas-vias-de-comunicacion-con-tadig\/#breadcrumb\",\"itemListElement\":[{\"@type\":\"ListItem\",\"position\":1,\"name\":\"Blog\",\"item\":\"https:\/\/www.tadig.es\/blog\/\"},{\"@type\":\"ListItem\",\"position\":2,\"name\":\"Nuevas v\u00edas de comunicaci\u00f3n con TADIG\"}]},{\"@type\":\"WebSite\",\"@id\":\"https:\/\/www.tadig.es\/blog\/#website\",\"url\":\"https:\/\/www.tadig.es\/blog\/\",\"name\":\"TADIG | Blog\",\"description\":\"Todo lo que necesitas saber sobre el tac\u00f3grafo digital.\",\"publisher\":{\"@id\":\"https:\/\/www.tadig.es\/blog\/#organization\"},\"potentialAction\":[{\"@type\":\"SearchAction\",\"target\":{\"@type\":\"EntryPoint\",\"urlTemplate\":\"https:\/\/www.tadig.es\/blog\/?s={search_term_string}\"},\"query-input\":{\"@type\":\"PropertyValueSpecification\",\"valueRequired\":true,\"valueName\":\"search_term_string\"}}],\"inLanguage\":\"es\"},{\"@type\":\"Organization\",\"@id\":\"https:\/\/www.tadig.es\/blog\/#organization\",\"name\":\"TADIG\",\"url\":\"https:\/\/www.tadig.es\/blog\/\",\"logo\":{\"@type\":\"ImageObject\",\"inLanguage\":\"es\",\"@id\":\"https:\/\/www.tadig.es\/blog\/#\/schema\/logo\/image\/\",\"url\":\"https:\/\/www.tadig.es\/blog\/wp-content\/uploads\/2019\/06\/logo-tadig-1.png\",\"contentUrl\":\"https:\/\/www.tadig.es\/blog\/wp-content\/uploads\/2019\/06\/logo-tadig-1.png\",\"width\":96,\"height\":50,\"caption\":\"TADIG\"},\"image\":{\"@id\":\"https:\/\/www.tadig.es\/blog\/#\/schema\/logo\/image\/\"},\"sameAs\":[\"https:\/\/x.com\/tacografo_Tadig\"]},{\"@type\":\"Person\",\"@id\":\"https:\/\/www.tadig.es\/blog\/#\/schema\/person\/9cf0c19b32fe558592dd4e212befeeac\",\"name\":\"Raquel de TADIG\",\"image\":{\"@type\":\"ImageObject\",\"inLanguage\":\"es\",\"@id\":\"https:\/\/www.tadig.es\/blog\/#\/schema\/person\/image\/\",\"url\":\"https:\/\/secure.gravatar.com\/avatar\/670741e8776dde149139572ca54e203f920ec4d7da6cbcc5c032734ff57ba297?s=96&d=mm&r=g\",\"contentUrl\":\"https:\/\/secure.gravatar.com\/avatar\/670741e8776dde149139572ca54e203f920ec4d7da6cbcc5c032734ff57ba297?s=96&d=mm&r=g\",\"caption\":\"Raquel de TADIG\"}}]}<\/script>\n<!-- \/ Yoast SEO plugin. -->","yoast_head_json":{"title":"Nuevas v\u00edas de comunicaci\u00f3n con TADIG - TADIG | Blog","robots":{"index":"noindex","follow":"follow"},"og_locale":"es_ES","og_type":"article","og_title":"Nuevas v\u00edas de comunicaci\u00f3n con TADIG - TADIG | Blog","og_description":"A lo largo de 11 a\u00f1os ofreciendo nuestros servicios de gesti\u00f3n y an\u00e1lisis del tac\u00f3grafo digital, el panorama del mundo del transporte no se ha mantenido est\u00e1tico. Transformaciones en materia de legislaci\u00f3n, actualizaci\u00f3n de necesidades de nuestros clientes, mejora y abaratamiento de la tecnolog\u00eda\u2026 El mundo evoluciona, y nosotros buscamos seguir a bordo del cambio,&hellip;&nbsp;Seguir leyendo \u00bbNuevas v\u00edas de comunicaci\u00f3n con TADIG","og_url":"https:\/\/www.tadig.es\/blog\/nuevas-vias-de-comunicacion-con-tadig\/","og_site_name":"TADIG | Blog","article_published_time":"2019-10-21T14:30:42+00:00","article_modified_time":"2020-09-08T08:55:33+00:00","author":"Raquel de TADIG","twitter_card":"summary_large_image","twitter_creator":"@tacografo_Tadig","twitter_site":"@tacografo_Tadig","twitter_misc":{"Escrito por":"Raquel de TADIG","Tiempo de lectura":"2 minutos"},"schema":{"@context":"https:\/\/schema.org","@graph":[{"@type":"Article","@id":"https:\/\/www.tadig.es\/blog\/nuevas-vias-de-comunicacion-con-tadig\/#article","isPartOf":{"@id":"https:\/\/www.tadig.es\/blog\/nuevas-vias-de-comunicacion-con-tadig\/"},"author":{"name":"Raquel de TADIG","@id":"https:\/\/www.tadig.es\/blog\/#\/schema\/person\/9cf0c19b32fe558592dd4e212befeeac"},"headline":"Nuevas v\u00edas de comunicaci\u00f3n con TADIG","datePublished":"2019-10-21T14:30:42+00:00","dateModified":"2020-09-08T08:55:33+00:00","mainEntityOfPage":{"@id":"https:\/\/www.tadig.es\/blog\/nuevas-vias-de-comunicacion-con-tadig\/"},"wordCount":341,"commentCount":0,"publisher":{"@id":"https:\/\/www.tadig.es\/blog\/#organization"},"keywords":["tadig"],"articleSection":["Tadig"],"inLanguage":"es","potentialAction":[{"@type":"CommentAction","name":"Comment","target":["https:\/\/www.tadig.es\/blog\/nuevas-vias-de-comunicacion-con-tadig\/#respond"]}]},{"@type":"WebPage","@id":"https:\/\/www.tadig.es\/blog\/nuevas-vias-de-comunicacion-con-tadig\/","url":"https:\/\/www.tadig.es\/blog\/nuevas-vias-de-comunicacion-con-tadig\/","name":"Nuevas v\u00edas de comunicaci\u00f3n con TADIG - TADIG | Blog","isPartOf":{"@id":"https:\/\/www.tadig.es\/blog\/#website"},"datePublished":"2019-10-21T14:30:42+00:00","dateModified":"2020-09-08T08:55:33+00:00","breadcrumb":{"@id":"https:\/\/www.tadig.es\/blog\/nuevas-vias-de-comunicacion-con-tadig\/#breadcrumb"},"inLanguage":"es","potentialAction":[{"@type":"ReadAction","target":["https:\/\/www.tadig.es\/blog\/nuevas-vias-de-comunicacion-con-tadig\/"]}]},{"@type":"BreadcrumbList","@id":"https:\/\/www.tadig.es\/blog\/nuevas-vias-de-comunicacion-con-tadig\/#breadcrumb","itemListElement":[{"@type":"ListItem","position":1,"name":"Blog","item":"https:\/\/www.tadig.es\/blog\/"},{"@type":"ListItem","position":2,"name":"Nuevas v\u00edas de comunicaci\u00f3n con TADIG"}]},{"@type":"WebSite","@id":"https:\/\/www.tadig.es\/blog\/#website","url":"https:\/\/www.tadig.es\/blog\/","name":"TADIG | Blog","description":"Todo lo que necesitas saber sobre el tac\u00f3grafo digital.","publisher":{"@id":"https:\/\/www.tadig.es\/blog\/#organization"},"potentialAction":[{"@type":"SearchAction","target":{"@type":"EntryPoint","urlTemplate":"https:\/\/www.tadig.es\/blog\/?s={search_term_string}"},"query-input":{"@type":"PropertyValueSpecification","valueRequired":true,"valueName":"search_term_string"}}],"inLanguage":"es"},{"@type":"Organization","@id":"https:\/\/www.tadig.es\/blog\/#organization","name":"TADIG","url":"https:\/\/www.tadig.es\/blog\/","logo":{"@type":"ImageObject","inLanguage":"es","@id":"https:\/\/www.tadig.es\/blog\/#\/schema\/logo\/image\/","url":"https:\/\/www.tadig.es\/blog\/wp-content\/uploads\/2019\/06\/logo-tadig-1.png","contentUrl":"https:\/\/www.tadig.es\/blog\/wp-content\/uploads\/2019\/06\/logo-tadig-1.png","width":96,"height":50,"caption":"TADIG"},"image":{"@id":"https:\/\/www.tadig.es\/blog\/#\/schema\/logo\/image\/"},"sameAs":["https:\/\/x.com\/tacografo_Tadig"]},{"@type":"Person","@id":"https:\/\/www.tadig.es\/blog\/#\/schema\/person\/9cf0c19b32fe558592dd4e212befeeac","name":"Raquel de TADIG","image":{"@type":"ImageObject","inLanguage":"es","@id":"https:\/\/www.tadig.es\/blog\/#\/schema\/person\/image\/","url":"https:\/\/secure.gravatar.com\/avatar\/670741e8776dde149139572ca54e203f920ec4d7da6cbcc5c032734ff57ba297?s=96&d=mm&r=g","contentUrl":"https:\/\/secure.gravatar.com\/avatar\/670741e8776dde149139572ca54e203f920ec4d7da6cbcc5c032734ff57ba297?s=96&d=mm&r=g","caption":"Raquel de TADIG"}}]}},"_links":{"self":[{"href":"https:\/\/www.tadig.es\/blog\/wp-json\/wp\/v2\/posts\/920","targetHints":{"allow":["GET"]}}],"collection":[{"href":"https:\/\/www.tadig.es\/blog\/wp-json\/wp\/v2\/posts"}],"about":[{"href":"https:\/\/www.tadig.es\/blog\/wp-json\/wp\/v2\/types\/post"}],"author":[{"embeddable":true,"href":"https:\/\/www.tadig.es\/blog\/wp-json\/wp\/v2\/users\/2"}],"replies":[{"embeddable":true,"href":"https:\/\/www.tadig.es\/blog\/wp-json\/wp\/v2\/comments?post=920"}],"version-history":[{"count":0,"href":"https:\/\/www.tadig.es\/blog\/wp-json\/wp\/v2\/posts\/920\/revisions"}],"wp:attachment":[{"href":"https:\/\/www.tadig.es\/blog\/wp-json\/wp\/v2\/media?parent=920"}],"wp:term":[{"taxonomy":"category","embeddable":true,"href":"https:\/\/www.tadig.es\/blog\/wp-json\/wp\/v2\/categories?post=920"},{"taxonomy":"post_tag","embeddable":true,"href":"https:\/\/www.tadig.es\/blog\/wp-json\/wp\/v2\/tags?post=920"}],"curies":[{"name":"wp","href":"https:\/\/api.w.org\/{rel}","templated":true}]}}