



{"id":6483,"date":"2026-04-27T09:05:17","date_gmt":"2026-04-27T07:05:17","guid":{"rendered":"https:\/\/www.tadig.es\/blog\/?p=6483"},"modified":"2026-04-27T12:11:35","modified_gmt":"2026-04-27T10:11:35","slug":"camioneros-17-anos-2026","status":"publish","type":"post","link":"https:\/\/www.tadig.es\/blog\/camioneros-17-anos-2026\/","title":{"rendered":"\u00bfCamioneros de 17 a\u00f1os en 2026? Qu\u00e9 dice la nueva normativa europea y qu\u00e9 pasar\u00e1 en Espa\u00f1a"},"content":{"rendered":"\n<p>La posibilidad de que j\u00f3venes de 17 a\u00f1os puedan conducir antes ya no es solo un debate: es una realidad que la Uni\u00f3n Europea ha puesto sobre la mesa. Sin embargo, cuando hablamos de transporte profesional, especialmente de camiones, la situaci\u00f3n es bastante m\u00e1s compleja.<\/p>\n\n\n\n<p>En 2026, una nueva Directiva europea abre la puerta a adelantar la edad del permiso de conducir, pero eso no significa que vayamos a ver camioneros de 17 a\u00f1os en carretera en Espa\u00f1a a corto plazo.<\/p>\n\n\n\n<p>En este art\u00edculo te explicamos qu\u00e9 dice exactamente la normativa, qu\u00e9 cambia realmente y por qu\u00e9 el debate est\u00e1 m\u00e1s abierto que nunca en el sector del transporte.<\/p>\n\n\n\n<p><strong>Tabla de contenidos<\/strong><\/p>\n\n\n\n<p><a href=\"#1\">Qu\u00e9 dice la nueva Directiva europea sobre conducir a los 17 a\u00f1os<\/a><\/p>\n\n\n\n<p><a href=\"#2\">C\u00f3mo funciona la conducci\u00f3n acompa\u00f1ada en la Uni\u00f3n Europea<\/a><\/p>\n\n\n\n<p><a href=\"#3\">\u00bfSe podr\u00e1 conducir un cami\u00f3n con 17 a\u00f1os? Lo que realmente permite la normativa<\/a><\/p>\n\n\n\n<p><a href=\"#4\">Por qu\u00e9 existe este debate en el transporte por carretera<\/a><\/p>\n\n\n\n<p><a href=\"#5\">Espa\u00f1a y los camioneros de 17 a\u00f1os: situaci\u00f3n actual<\/a><\/p>\n\n\n\n<p><a href=\"#6\">Qu\u00e9 puede pasar en los pr\u00f3ximos a\u00f1os en el sector<\/a><\/p>\n\n\n\n<p><a href=\"#7\">Preguntas frecuentes sobre camioneros de 17 a\u00f1os<\/a><\/p>\n\n\n\n<h2 class=\"wp-block-heading\" id=\"1\"><strong>Qu\u00e9 dice la nueva Directiva europea sobre conducir a los 17 a\u00f1os<\/strong><\/h2>\n\n\n\n<p>La Directiva Europea 2025\/2205 introduce un cambio importante: permite a los j\u00f3venes obtener el permiso de conducir tipo B desde los 17 a\u00f1os.<\/p>\n\n\n\n<p>Eso s\u00ed, no se trata de una conducci\u00f3n libre. La norma establece un sistema de conducci\u00f3n acompa\u00f1ada hasta que el conductor cumpla los 18 a\u00f1os.<\/p>\n\n\n\n<p>Este modelo, inspirado en el sistema alem\u00e1n, busca que los nuevos conductores adquieran experiencia real en carretera antes de conducir de forma independiente.<\/p>\n\n\n\n<p>Adem\u00e1s, esta Directiva no se aplica autom\u00e1ticamente. Cada pa\u00eds debe adaptarla a su legislaci\u00f3n nacional antes de noviembre de 2028.<\/p>\n\n\n\n<h2 class=\"wp-block-heading\" id=\"2\"><strong>C\u00f3mo funciona la conducci\u00f3n acompa\u00f1ada en la Uni\u00f3n Europea<\/strong><\/h2>\n\n\n\n<p>El sistema de conducci\u00f3n acompa\u00f1ada no es nuevo en Europa, pero ahora se plantea su extensi\u00f3n.<\/p>\n\n\n\n<p>La idea es sencilla: permitir conducir antes, pero bajo supervisi\u00f3n.<\/p>\n\n\n\n<p>Para ello, el acompa\u00f1ante debe cumplir ciertos requisitos:<\/p>\n\n\n\n<ul class=\"wp-block-list\">\n<li>Tener al menos 24 a\u00f1os<\/li>\n\n\n\n<li>Contar con m\u00e1s de 5 a\u00f1os de experiencia como conductor<\/li>\n\n\n\n<li>No haber perdido el permiso recientemente<\/li>\n\n\n\n<li>Cumplir estrictamente la normativa de alcohol y drogas<\/li>\n<\/ul>\n\n\n\n<p>El acompa\u00f1ante no es un pasajero m\u00e1s. Es una figura activa en la formaci\u00f3n del conductor, con responsabilidad directa sobre la seguridad.<\/p>\n\n\n\n<h2 class=\"wp-block-heading\" id=\"3\"><strong>\u00bfSe podr\u00e1 conducir un cami\u00f3n con 17 a\u00f1os? Lo que realmente permite la normativa<\/strong><\/h2>\n\n\n\n<p>Aqu\u00ed es donde aparece el punto clave y donde m\u00e1s confusi\u00f3n hay.<\/p>\n\n\n\n<p>La Directiva europea no obliga a permitir camioneros de 17 a\u00f1os. Lo que hace es dejar esa posibilidad abierta, pero como una decisi\u00f3n voluntaria para cada pa\u00eds.<\/p>\n\n\n\n<p>En el caso de los veh\u00edculos pesados (camiones), se establece que:<\/p>\n\n\n\n<ul class=\"wp-block-list\">\n<li>Cada Estado miembro decide si aplica esta medida<\/li>\n\n\n\n<li>Si se aplica, solo tendr\u00eda validez dentro del territorio nacional<\/li>\n\n\n\n<li>No es una obligaci\u00f3n, sino una opci\u00f3n<\/li>\n<\/ul>\n\n\n\n<p>Es decir, la normativa abre la puerta, pero no impone el cambio.<\/p>\n\n\n\n<h2 class=\"wp-block-heading\" id=\"4\"><strong>Por qu\u00e9 existe este debate en el transporte por carretera<\/strong><\/h2>\n\n\n\n<p>Este debate no surge por casualidad. Responde a un problema real del sector: la falta de conductores.<\/p>\n\n\n\n<p>En Europa, el envejecimiento de la profesi\u00f3n es evidente:<\/p>\n\n\n\n<ul class=\"nv-cv-m wp-block-list\">\n<li>Edad media cercana a los 47 a\u00f1os<\/li>\n\n\n\n<li>Bajo porcentaje de conductores j\u00f3venes<\/li>\n\n\n\n<li>Previsi\u00f3n de jubilaciones en los pr\u00f3ximos a\u00f1os<\/li>\n<\/ul>\n\n\n\n<p>Ante esta situaci\u00f3n, algunas voces defienden que adelantar la edad de acceso puede ayudar a atraer nuevos profesionales.<\/p>\n\n\n\n<p>Sin embargo, no todos est\u00e1n de acuerdo.<\/p>\n\n\n\n<p>Por un lado, se plantea como una soluci\u00f3n para incorporar talento joven. Por otro, surgen dudas importantes relacionadas con la seguridad vial y la madurez necesaria para conducir veh\u00edculos de gran tonelaje.<\/p>\n\n\n\n<h2 class=\"wp-block-heading\" id=\"5\"><strong>Espa\u00f1a y los camioneros de 17 a\u00f1os: situaci\u00f3n actual<\/strong><\/h2>\n\n\n\n<p>A d\u00eda de hoy, Espa\u00f1a no contempla la posibilidad de que j\u00f3venes de 17 a\u00f1os conduzcan camiones.<\/p>\n\n\n\n<p>La Direcci\u00f3n General de Tr\u00e1fico ha sido clara: esta opci\u00f3n no est\u00e1 en la hoja de ruta, al menos en el corto plazo.<\/p>\n\n\n\n<p>Esto significa que, aunque la Directiva europea lo permita, Espa\u00f1a decidir\u00e1 si aplica o no esa medida, y todo apunta a que no se har\u00e1 de forma inmediata.<\/p>\n\n\n\n<p>Por tanto, en 2026:<\/p>\n\n\n\n<ul class=\"nv-cv-m wp-block-list\">\n<li>No es posible ser camionero con 17 a\u00f1os en Espa\u00f1a<\/li>\n\n\n\n<li>No hay previsi\u00f3n inmediata de cambio<\/li>\n\n\n\n<li>El debate sigue abierto, pero sin aplicaci\u00f3n pr\u00e1ctica<\/li>\n<\/ul>\n\n\n\n<h2 class=\"wp-block-heading\" id=\"6\"><strong>Qu\u00e9 puede pasar en los pr\u00f3ximos a\u00f1os en el sector<\/strong><\/h2>\n\n\n\n<p>El escenario sigue abierto.<\/p>\n\n\n\n<p>La normativa europea marca un camino, pero deja margen a cada pa\u00eds para decidir c\u00f3mo aplicarlo.<\/p>\n\n\n\n<p>En los pr\u00f3ximos a\u00f1os podr\u00edan darse distintos escenarios:<\/p>\n\n\n\n<ul class=\"nv-cv-d nv-cv-m wp-block-list\">\n<li>Pa\u00edses que s\u00ed permitan conducci\u00f3n acompa\u00f1ada en camiones<\/li>\n\n\n\n<li>Otros que mantengan restricciones por seguridad<\/li>\n\n\n\n<li>Posibles ajustes progresivos seg\u00fan evoluci\u00f3n del sector<\/li>\n<\/ul>\n\n\n\n<p>Lo que s\u00ed es seguro es que el problema de falta de conductores seguir\u00e1 siendo un tema central en el transporte por carretera.<\/p>\n\n\n\n<h2 class=\"wp-block-heading\" id=\"7\"><strong>Preguntas frecuentes sobre camioneros de 17 a\u00f1os<\/strong><\/h2>\n\n\n\n<h3 class=\"wp-block-heading\"><strong>\u00bfSe puede ser camionero con 17 a\u00f1os en Espa\u00f1a en 2026?<\/strong><\/h3>\n\n\n\n<p>No. Actualmente no est\u00e1 permitido y no hay previsi\u00f3n inmediata de cambio.<\/p>\n\n\n\n<h3 class=\"wp-block-heading\"><strong>\u00bfLa Uni\u00f3n Europea obliga a permitir camioneros de 17 a\u00f1os?<\/strong><\/h3>\n\n\n\n<p>No. La Directiva solo permite esa opci\u00f3n, pero cada pa\u00eds decide si la aplica o no.<\/p>\n\n\n\n<h3 class=\"wp-block-heading\"><strong>\u00bfQu\u00e9 tipo de permiso se puede obtener a los 17 a\u00f1os?<\/strong><\/h3>\n\n\n\n<p>El permiso B (turismos), siempre bajo conducci\u00f3n acompa\u00f1ada hasta los 18 a\u00f1os.<\/p>\n\n\n\n<h3 class=\"wp-block-heading\"><strong>\u00bfPor qu\u00e9 se plantea adelantar la edad para conducir?<\/strong><\/h3>\n\n\n\n<p>Principalmente por la falta de conductores y la necesidad de incorporar nuevos profesionales al sector.<\/p>\n\n\n\n<h3 class=\"wp-block-heading\"><strong>\u00bfEs seguro que j\u00f3venes conduzcan veh\u00edculos pesados?<\/strong><\/h3>\n\n\n\n<p>Es uno de los puntos m\u00e1s debatidos. Existen dudas sobre la experiencia y la madurez necesarias para este tipo de conducci\u00f3n.<\/p>\n","protected":false},"excerpt":{"rendered":"<p>La posibilidad de que j\u00f3venes de 17 a\u00f1os puedan conducir antes ya no es solo un debate: es una realidad que la Uni\u00f3n Europea ha puesto sobre la mesa. Sin embargo, cuando hablamos de transporte profesional, especialmente de camiones, la situaci\u00f3n es bastante m\u00e1s compleja. En 2026, una nueva Directiva europea abre la puerta a&hellip;&nbsp;<\/p>\n<div class=\"read-more-wrapper\"><a href=\"https:\/\/www.tadig.es\/blog\/camioneros-17-anos-2026\/\" class=\"button button-primary\" rel=\"bookmark\">Seguir leyendo \u00bb<span class=\"screen-reader-text\">\u00bfCamioneros de 17 a\u00f1os en 2026? Qu\u00e9 dice la nueva normativa europea y qu\u00e9 pasar\u00e1 en Espa\u00f1a<\/span><\/a><\/div>\n","protected":false},"author":6,"featured_media":6485,"comment_status":"open","ping_status":"closed","sticky":false,"template":"","format":"standard","meta":{"neve_meta_sidebar":"","neve_meta_container":"","neve_meta_enable_content_width":"","neve_meta_content_width":0,"neve_meta_title_alignment":"","neve_meta_author_avatar":"","neve_post_elements_order":"","neve_meta_disable_header":"","neve_meta_disable_footer":"","neve_meta_disable_title":"","neve_meta_reading_time":"","footnotes":""},"categories":[62],"tags":[],"class_list":["post-6483","post","type-post","status-publish","format-standard","has-post-thumbnail","hentry","category-actualidad-del-transporte"],"yoast_head":"<!-- This site is optimized with the Yoast SEO plugin v27.1.1 - https:\/\/yoast.com\/product\/yoast-seo-wordpress\/ -->\n<title>Camioneros de 17 a\u00f1os en 2026: qu\u00e9 dice la normativa europea<\/title>\n<meta name=\"description\" content=\"\u00bfCamionero con 17 a\u00f1os? Analizamos la nueva normativa europea, qu\u00e9 permite realmente y si Espa\u00f1a aplicar\u00e1 esta medida en el transporte.\" \/>\n<meta name=\"robots\" content=\"index, follow, max-snippet:-1, max-image-preview:large, max-video-preview:-1\" \/>\n<link rel=\"canonical\" href=\"https:\/\/www.tadig.es\/blog\/camioneros-17-anos-2026\/\" \/>\n<meta property=\"og:locale\" content=\"es_ES\" \/>\n<meta property=\"og:type\" content=\"article\" \/>\n<meta property=\"og:title\" content=\"Camioneros de 17 a\u00f1os en 2026: qu\u00e9 dice la normativa europea\" \/>\n<meta property=\"og:description\" content=\"\u00bfCamionero con 17 a\u00f1os? Analizamos la nueva normativa europea, qu\u00e9 permite realmente y si Espa\u00f1a aplicar\u00e1 esta medida en el transporte.\" \/>\n<meta property=\"og:url\" content=\"https:\/\/www.tadig.es\/blog\/camioneros-17-anos-2026\/\" \/>\n<meta property=\"og:site_name\" content=\"TADIG | Blog\" \/>\n<meta property=\"article:published_time\" content=\"2026-04-27T07:05:17+00:00\" \/>\n<meta property=\"article:modified_time\" content=\"2026-04-27T10:11:35+00:00\" \/>\n<meta property=\"og:image\" content=\"https:\/\/www.tadig.es\/blog\/wp-content\/uploads\/2026\/04\/sacar-tarjeta-tacografo-sin-cerrar-jornada.png\" \/>\n\t<meta property=\"og:image:width\" content=\"1920\" \/>\n\t<meta property=\"og:image:height\" content=\"500\" \/>\n\t<meta property=\"og:image:type\" content=\"image\/png\" \/>\n<meta name=\"author\" content=\"\u00c1lex de TADIG\" \/>\n<meta name=\"twitter:card\" content=\"summary_large_image\" \/>\n<meta name=\"twitter:creator\" content=\"@tacografo_Tadig\" \/>\n<meta name=\"twitter:site\" content=\"@tacografo_Tadig\" \/>\n<meta name=\"twitter:label1\" content=\"Escrito por\" \/>\n\t<meta name=\"twitter:data1\" content=\"\u00c1lex de TADIG\" \/>\n\t<meta name=\"twitter:label2\" content=\"Tiempo de lectura\" \/>\n\t<meta name=\"twitter:data2\" content=\"5 minutos\" \/>\n<script type=\"application\/ld+json\" class=\"yoast-schema-graph\">{\"@context\":\"https:\/\/schema.org\",\"@graph\":[{\"@type\":\"Article\",\"@id\":\"https:\/\/www.tadig.es\/blog\/camioneros-17-anos-2026\/#article\",\"isPartOf\":{\"@id\":\"https:\/\/www.tadig.es\/blog\/camioneros-17-anos-2026\/\"},\"author\":{\"name\":\"\u00c1lex de TADIG\",\"@id\":\"https:\/\/www.tadig.es\/blog\/#\/schema\/person\/9b5d9e106b73f4e0cea7a01003ded81e\"},\"headline\":\"\u00bfCamioneros de 17 a\u00f1os en 2026? Qu\u00e9 dice la nueva normativa europea y qu\u00e9 pasar\u00e1 en Espa\u00f1a\",\"datePublished\":\"2026-04-27T07:05:17+00:00\",\"dateModified\":\"2026-04-27T10:11:35+00:00\",\"mainEntityOfPage\":{\"@id\":\"https:\/\/www.tadig.es\/blog\/camioneros-17-anos-2026\/\"},\"wordCount\":1015,\"commentCount\":0,\"publisher\":{\"@id\":\"https:\/\/www.tadig.es\/blog\/#organization\"},\"image\":{\"@id\":\"https:\/\/www.tadig.es\/blog\/camioneros-17-anos-2026\/#primaryimage\"},\"thumbnailUrl\":\"https:\/\/www.tadig.es\/blog\/wp-content\/uploads\/2026\/04\/sacar-tarjeta-tacografo-sin-cerrar-jornada.png\",\"articleSection\":[\"Actualidad del transporte\"],\"inLanguage\":\"es\",\"potentialAction\":[{\"@type\":\"CommentAction\",\"name\":\"Comment\",\"target\":[\"https:\/\/www.tadig.es\/blog\/camioneros-17-anos-2026\/#respond\"]}]},{\"@type\":\"WebPage\",\"@id\":\"https:\/\/www.tadig.es\/blog\/camioneros-17-anos-2026\/\",\"url\":\"https:\/\/www.tadig.es\/blog\/camioneros-17-anos-2026\/\",\"name\":\"Camioneros de 17 a\u00f1os en 2026: qu\u00e9 dice la normativa europea\",\"isPartOf\":{\"@id\":\"https:\/\/www.tadig.es\/blog\/#website\"},\"primaryImageOfPage\":{\"@id\":\"https:\/\/www.tadig.es\/blog\/camioneros-17-anos-2026\/#primaryimage\"},\"image\":{\"@id\":\"https:\/\/www.tadig.es\/blog\/camioneros-17-anos-2026\/#primaryimage\"},\"thumbnailUrl\":\"https:\/\/www.tadig.es\/blog\/wp-content\/uploads\/2026\/04\/sacar-tarjeta-tacografo-sin-cerrar-jornada.png\",\"datePublished\":\"2026-04-27T07:05:17+00:00\",\"dateModified\":\"2026-04-27T10:11:35+00:00\",\"description\":\"\u00bfCamionero con 17 a\u00f1os? Analizamos la nueva normativa europea, qu\u00e9 permite realmente y si Espa\u00f1a aplicar\u00e1 esta medida en el transporte.\",\"breadcrumb\":{\"@id\":\"https:\/\/www.tadig.es\/blog\/camioneros-17-anos-2026\/#breadcrumb\"},\"inLanguage\":\"es\",\"potentialAction\":[{\"@type\":\"ReadAction\",\"target\":[\"https:\/\/www.tadig.es\/blog\/camioneros-17-anos-2026\/\"]}]},{\"@type\":\"ImageObject\",\"inLanguage\":\"es\",\"@id\":\"https:\/\/www.tadig.es\/blog\/camioneros-17-anos-2026\/#primaryimage\",\"url\":\"https:\/\/www.tadig.es\/blog\/wp-content\/uploads\/2026\/04\/sacar-tarjeta-tacografo-sin-cerrar-jornada.png\",\"contentUrl\":\"https:\/\/www.tadig.es\/blog\/wp-content\/uploads\/2026\/04\/sacar-tarjeta-tacografo-sin-cerrar-jornada.png\",\"width\":1920,\"height\":500,\"caption\":\"camioneros 17 a\u00f1os\"},{\"@type\":\"BreadcrumbList\",\"@id\":\"https:\/\/www.tadig.es\/blog\/camioneros-17-anos-2026\/#breadcrumb\",\"itemListElement\":[{\"@type\":\"ListItem\",\"position\":1,\"name\":\"Blog\",\"item\":\"https:\/\/www.tadig.es\/blog\/\"},{\"@type\":\"ListItem\",\"position\":2,\"name\":\"\u00bfCamioneros de 17 a\u00f1os en 2026? Qu\u00e9 dice la nueva normativa europea y qu\u00e9 pasar\u00e1 en Espa\u00f1a\"}]},{\"@type\":\"WebSite\",\"@id\":\"https:\/\/www.tadig.es\/blog\/#website\",\"url\":\"https:\/\/www.tadig.es\/blog\/\",\"name\":\"TADIG | Blog\",\"description\":\"Todo lo que necesitas saber sobre el tac\u00f3grafo digital.\",\"publisher\":{\"@id\":\"https:\/\/www.tadig.es\/blog\/#organization\"},\"potentialAction\":[{\"@type\":\"SearchAction\",\"target\":{\"@type\":\"EntryPoint\",\"urlTemplate\":\"https:\/\/www.tadig.es\/blog\/?s={search_term_string}\"},\"query-input\":{\"@type\":\"PropertyValueSpecification\",\"valueRequired\":true,\"valueName\":\"search_term_string\"}}],\"inLanguage\":\"es\"},{\"@type\":\"Organization\",\"@id\":\"https:\/\/www.tadig.es\/blog\/#organization\",\"name\":\"TADIG\",\"url\":\"https:\/\/www.tadig.es\/blog\/\",\"logo\":{\"@type\":\"ImageObject\",\"inLanguage\":\"es\",\"@id\":\"https:\/\/www.tadig.es\/blog\/#\/schema\/logo\/image\/\",\"url\":\"https:\/\/www.tadig.es\/blog\/wp-content\/uploads\/2019\/06\/logo-tadig-1.png\",\"contentUrl\":\"https:\/\/www.tadig.es\/blog\/wp-content\/uploads\/2019\/06\/logo-tadig-1.png\",\"width\":96,\"height\":50,\"caption\":\"TADIG\"},\"image\":{\"@id\":\"https:\/\/www.tadig.es\/blog\/#\/schema\/logo\/image\/\"},\"sameAs\":[\"https:\/\/x.com\/tacografo_Tadig\"]},{\"@type\":\"Person\",\"@id\":\"https:\/\/www.tadig.es\/blog\/#\/schema\/person\/9b5d9e106b73f4e0cea7a01003ded81e\",\"name\":\"\u00c1lex de TADIG\",\"image\":{\"@type\":\"ImageObject\",\"inLanguage\":\"es\",\"@id\":\"https:\/\/www.tadig.es\/blog\/#\/schema\/person\/image\/\",\"url\":\"https:\/\/secure.gravatar.com\/avatar\/28b3dc979bc66297eddb5aa283a25a480064fff068b52a7da58e44b94d7160e7?s=96&d=mm&r=g\",\"contentUrl\":\"https:\/\/secure.gravatar.com\/avatar\/28b3dc979bc66297eddb5aa283a25a480064fff068b52a7da58e44b94d7160e7?s=96&d=mm&r=g\",\"caption\":\"\u00c1lex de TADIG\"}}]}<\/script>\n<!-- \/ Yoast SEO plugin. -->","yoast_head_json":{"title":"Camioneros de 17 a\u00f1os en 2026: qu\u00e9 dice la normativa europea","description":"\u00bfCamionero con 17 a\u00f1os? Analizamos la nueva normativa europea, qu\u00e9 permite realmente y si Espa\u00f1a aplicar\u00e1 esta medida en el transporte.","robots":{"index":"index","follow":"follow","max-snippet":"max-snippet:-1","max-image-preview":"max-image-preview:large","max-video-preview":"max-video-preview:-1"},"canonical":"https:\/\/www.tadig.es\/blog\/camioneros-17-anos-2026\/","og_locale":"es_ES","og_type":"article","og_title":"Camioneros de 17 a\u00f1os en 2026: qu\u00e9 dice la normativa europea","og_description":"\u00bfCamionero con 17 a\u00f1os? Analizamos la nueva normativa europea, qu\u00e9 permite realmente y si Espa\u00f1a aplicar\u00e1 esta medida en el transporte.","og_url":"https:\/\/www.tadig.es\/blog\/camioneros-17-anos-2026\/","og_site_name":"TADIG | Blog","article_published_time":"2026-04-27T07:05:17+00:00","article_modified_time":"2026-04-27T10:11:35+00:00","og_image":[{"width":1920,"height":500,"url":"https:\/\/www.tadig.es\/blog\/wp-content\/uploads\/2026\/04\/sacar-tarjeta-tacografo-sin-cerrar-jornada.png","type":"image\/png"}],"author":"\u00c1lex de TADIG","twitter_card":"summary_large_image","twitter_creator":"@tacografo_Tadig","twitter_site":"@tacografo_Tadig","twitter_misc":{"Escrito por":"\u00c1lex de TADIG","Tiempo de lectura":"5 minutos"},"schema":{"@context":"https:\/\/schema.org","@graph":[{"@type":"Article","@id":"https:\/\/www.tadig.es\/blog\/camioneros-17-anos-2026\/#article","isPartOf":{"@id":"https:\/\/www.tadig.es\/blog\/camioneros-17-anos-2026\/"},"author":{"name":"\u00c1lex de TADIG","@id":"https:\/\/www.tadig.es\/blog\/#\/schema\/person\/9b5d9e106b73f4e0cea7a01003ded81e"},"headline":"\u00bfCamioneros de 17 a\u00f1os en 2026? Qu\u00e9 dice la nueva normativa europea y qu\u00e9 pasar\u00e1 en Espa\u00f1a","datePublished":"2026-04-27T07:05:17+00:00","dateModified":"2026-04-27T10:11:35+00:00","mainEntityOfPage":{"@id":"https:\/\/www.tadig.es\/blog\/camioneros-17-anos-2026\/"},"wordCount":1015,"commentCount":0,"publisher":{"@id":"https:\/\/www.tadig.es\/blog\/#organization"},"image":{"@id":"https:\/\/www.tadig.es\/blog\/camioneros-17-anos-2026\/#primaryimage"},"thumbnailUrl":"https:\/\/www.tadig.es\/blog\/wp-content\/uploads\/2026\/04\/sacar-tarjeta-tacografo-sin-cerrar-jornada.png","articleSection":["Actualidad del transporte"],"inLanguage":"es","potentialAction":[{"@type":"CommentAction","name":"Comment","target":["https:\/\/www.tadig.es\/blog\/camioneros-17-anos-2026\/#respond"]}]},{"@type":"WebPage","@id":"https:\/\/www.tadig.es\/blog\/camioneros-17-anos-2026\/","url":"https:\/\/www.tadig.es\/blog\/camioneros-17-anos-2026\/","name":"Camioneros de 17 a\u00f1os en 2026: qu\u00e9 dice la normativa europea","isPartOf":{"@id":"https:\/\/www.tadig.es\/blog\/#website"},"primaryImageOfPage":{"@id":"https:\/\/www.tadig.es\/blog\/camioneros-17-anos-2026\/#primaryimage"},"image":{"@id":"https:\/\/www.tadig.es\/blog\/camioneros-17-anos-2026\/#primaryimage"},"thumbnailUrl":"https:\/\/www.tadig.es\/blog\/wp-content\/uploads\/2026\/04\/sacar-tarjeta-tacografo-sin-cerrar-jornada.png","datePublished":"2026-04-27T07:05:17+00:00","dateModified":"2026-04-27T10:11:35+00:00","description":"\u00bfCamionero con 17 a\u00f1os? Analizamos la nueva normativa europea, qu\u00e9 permite realmente y si Espa\u00f1a aplicar\u00e1 esta medida en el transporte.","breadcrumb":{"@id":"https:\/\/www.tadig.es\/blog\/camioneros-17-anos-2026\/#breadcrumb"},"inLanguage":"es","potentialAction":[{"@type":"ReadAction","target":["https:\/\/www.tadig.es\/blog\/camioneros-17-anos-2026\/"]}]},{"@type":"ImageObject","inLanguage":"es","@id":"https:\/\/www.tadig.es\/blog\/camioneros-17-anos-2026\/#primaryimage","url":"https:\/\/www.tadig.es\/blog\/wp-content\/uploads\/2026\/04\/sacar-tarjeta-tacografo-sin-cerrar-jornada.png","contentUrl":"https:\/\/www.tadig.es\/blog\/wp-content\/uploads\/2026\/04\/sacar-tarjeta-tacografo-sin-cerrar-jornada.png","width":1920,"height":500,"caption":"camioneros 17 a\u00f1os"},{"@type":"BreadcrumbList","@id":"https:\/\/www.tadig.es\/blog\/camioneros-17-anos-2026\/#breadcrumb","itemListElement":[{"@type":"ListItem","position":1,"name":"Blog","item":"https:\/\/www.tadig.es\/blog\/"},{"@type":"ListItem","position":2,"name":"\u00bfCamioneros de 17 a\u00f1os en 2026? Qu\u00e9 dice la nueva normativa europea y qu\u00e9 pasar\u00e1 en Espa\u00f1a"}]},{"@type":"WebSite","@id":"https:\/\/www.tadig.es\/blog\/#website","url":"https:\/\/www.tadig.es\/blog\/","name":"TADIG | Blog","description":"Todo lo que necesitas saber sobre el tac\u00f3grafo digital.","publisher":{"@id":"https:\/\/www.tadig.es\/blog\/#organization"},"potentialAction":[{"@type":"SearchAction","target":{"@type":"EntryPoint","urlTemplate":"https:\/\/www.tadig.es\/blog\/?s={search_term_string}"},"query-input":{"@type":"PropertyValueSpecification","valueRequired":true,"valueName":"search_term_string"}}],"inLanguage":"es"},{"@type":"Organization","@id":"https:\/\/www.tadig.es\/blog\/#organization","name":"TADIG","url":"https:\/\/www.tadig.es\/blog\/","logo":{"@type":"ImageObject","inLanguage":"es","@id":"https:\/\/www.tadig.es\/blog\/#\/schema\/logo\/image\/","url":"https:\/\/www.tadig.es\/blog\/wp-content\/uploads\/2019\/06\/logo-tadig-1.png","contentUrl":"https:\/\/www.tadig.es\/blog\/wp-content\/uploads\/2019\/06\/logo-tadig-1.png","width":96,"height":50,"caption":"TADIG"},"image":{"@id":"https:\/\/www.tadig.es\/blog\/#\/schema\/logo\/image\/"},"sameAs":["https:\/\/x.com\/tacografo_Tadig"]},{"@type":"Person","@id":"https:\/\/www.tadig.es\/blog\/#\/schema\/person\/9b5d9e106b73f4e0cea7a01003ded81e","name":"\u00c1lex de TADIG","image":{"@type":"ImageObject","inLanguage":"es","@id":"https:\/\/www.tadig.es\/blog\/#\/schema\/person\/image\/","url":"https:\/\/secure.gravatar.com\/avatar\/28b3dc979bc66297eddb5aa283a25a480064fff068b52a7da58e44b94d7160e7?s=96&d=mm&r=g","contentUrl":"https:\/\/secure.gravatar.com\/avatar\/28b3dc979bc66297eddb5aa283a25a480064fff068b52a7da58e44b94d7160e7?s=96&d=mm&r=g","caption":"\u00c1lex de TADIG"}}]}},"_links":{"self":[{"href":"https:\/\/www.tadig.es\/blog\/wp-json\/wp\/v2\/posts\/6483","targetHints":{"allow":["GET"]}}],"collection":[{"href":"https:\/\/www.tadig.es\/blog\/wp-json\/wp\/v2\/posts"}],"about":[{"href":"https:\/\/www.tadig.es\/blog\/wp-json\/wp\/v2\/types\/post"}],"author":[{"embeddable":true,"href":"https:\/\/www.tadig.es\/blog\/wp-json\/wp\/v2\/users\/6"}],"replies":[{"embeddable":true,"href":"https:\/\/www.tadig.es\/blog\/wp-json\/wp\/v2\/comments?post=6483"}],"version-history":[{"count":2,"href":"https:\/\/www.tadig.es\/blog\/wp-json\/wp\/v2\/posts\/6483\/revisions"}],"predecessor-version":[{"id":6491,"href":"https:\/\/www.tadig.es\/blog\/wp-json\/wp\/v2\/posts\/6483\/revisions\/6491"}],"wp:featuredmedia":[{"embeddable":true,"href":"https:\/\/www.tadig.es\/blog\/wp-json\/wp\/v2\/media\/6485"}],"wp:attachment":[{"href":"https:\/\/www.tadig.es\/blog\/wp-json\/wp\/v2\/media?parent=6483"}],"wp:term":[{"taxonomy":"category","embeddable":true,"href":"https:\/\/www.tadig.es\/blog\/wp-json\/wp\/v2\/categories?post=6483"},{"taxonomy":"post_tag","embeddable":true,"href":"https:\/\/www.tadig.es\/blog\/wp-json\/wp\/v2\/tags?post=6483"}],"curies":[{"name":"wp","href":"https:\/\/api.w.org\/{rel}","templated":true}]}}