



{"id":6362,"date":"2025-12-01T15:41:32","date_gmt":"2025-12-01T14:41:32","guid":{"rendered":"https:\/\/www.tadig.es\/blog\/?p=6362"},"modified":"2025-12-01T15:48:27","modified_gmt":"2025-12-01T14:48:27","slug":"planificacion-conductores-rutas-internacionales-y-locales","status":"publish","type":"post","link":"https:\/\/www.tadig.es\/blog\/planificacion-conductores-rutas-internacionales-y-locales\/","title":{"rendered":"C\u00f3mo planificar la jornada de un conductor cuando combina transporte internacional y trabajos locales"},"content":{"rendered":"\n<p>Organizar la jornada de un conductor ya es una tarea delicada cuando realiza \u00fanicamente rutas nacionales.<\/p>\n\n\n\n<p>Pero cuando un mismo conductor alterna <strong>transporte internacional<\/strong> con <strong>trabajos locales<\/strong>, la planificaci\u00f3n se vuelve mucho m\u00e1s compleja de lo que parece sobre el papel.<\/p>\n\n\n\n<p>Lo comprobamos a diario en empresas que trabajan con varios tipos de servicio: un d\u00eda un conductor cruza Francia o Portugal, y al siguiente est\u00e1 haciendo reparto urbano con ventanas horarias muy ajustadas.<\/p>\n\n\n\n<p>Este cambio constante de escenarios provoca errores, p\u00e9rdidas de tiempo, imprevistos y, sobre todo, <strong>sanciones<\/strong> que podr\u00edan evitarse con una planificaci\u00f3n correcta.<\/p>\n\n\n\n<p>El problema no es la normativa en s\u00ed; el problema es que la jornada del conductor deja de ser lineal y empieza a depender de m\u00faltiples variables que muchas empresas no tienen interiorizadas.<\/p>\n\n\n\n<p>En este art\u00edculo te contamos c\u00f3mo debe plantearse la planificaci\u00f3n cuando un conductor combina ambos tipos de trabajo y cu\u00e1les son los fallos m\u00e1s habituales que vemos en flotas reales.<\/p>\n\n\n\n<h2 class=\"wp-block-heading\"><strong>\u00bfPor qu\u00e9 es m\u00e1s complicado planificar cuando se mezclan rutas internacionales y trabajos locales?<\/strong><\/h2>\n\n\n\n<p>El motivo principal es que el <strong>tiempo disponible<\/strong> cambia radicalmente dependiendo del tipo de jornada que haya realizado previamente. Un conductor que llega de un transporte internacional puede haber agotado:<\/p>\n\n\n\n<ul class=\"wp-block-list\">\n<li>El tiempo diario de conducci\u00f3n<\/li>\n\n\n\n<li>El tiempo semanal o bisemanal<\/li>\n\n\n\n<li>Sus descansos reducidos acumulados<\/li>\n\n\n\n<li>Su disponibilidad para ampliaciones a 10 horas<\/li>\n<\/ul>\n\n\n\n<p>Y, sin embargo, al llegar a la base, muchas empresas lo asignan autom\u00e1ticamente a un servicio local de reparto, pensando que \u201ccomo es aqu\u00ed cerca, no pasa nada\u201d.<\/p>\n\n\n\n<p>Lo que pasa, en realidad, es que el conductor empieza ese trabajo con <strong>poco margen real<\/strong>, y cualquier imprevisto puede convertir esa jornada en una infracci\u00f3n.<\/p>\n\n\n\n<p>La normativa no distingue entre si la conducci\u00f3n es local o internacional: <strong>solo contabiliza el tiempo<\/strong>.<\/p>\n\n\n\n<h2 class=\"wp-block-heading\"><strong>Problemas m\u00e1s frecuentes al combinar rutas internacionales y trabajos locales<\/strong><\/h2>\n\n\n\n<p>Estos son los fallos que m\u00e1s vemos en empresas que mezclan ambos tipos de servicio:<\/p>\n\n\n\n<h3 class=\"wp-block-heading\"><strong>1. Dar por hecho que la jornada local \u201cno cuenta\u201d<\/strong><\/h3>\n\n\n\n<p>Muchos responsables creen, de forma err\u00f3nea, que el transporte local es poco relevante en t\u00e9rminos de tiempo. Pero un reparto urbano implica:<\/p>\n\n\n\n<ul class=\"wp-block-list\">\n<li>Conducci\u00f3n intermitente<\/li>\n\n\n\n<li>Tiempos de espera<\/li>\n\n\n\n<li>Cargas y descargas<\/li>\n\n\n\n<li>Retenciones<\/li>\n\n\n\n<li>Trabajo distinto del descanso<\/li>\n<\/ul>\n\n\n\n<p>Todo suma, y a menudo m\u00e1s de lo previsto.<\/p>\n\n\n\n<h3 class=\"wp-block-heading\"><strong>2. Cargar tareas inmediatamente despu\u00e9s de un internacional largo<\/strong><\/h3>\n\n\n\n<p>Es uno de los errores m\u00e1s comunes. Si el conductor llega desgastado tras un viaje internacional, asignarlo al d\u00eda siguiente a rutas locales intensivas suele provocar:<\/p>\n\n\n\n<ul class=\"nv-cv-m wp-block-list\">\n<li>Superaci\u00f3n de horas de trabajo<\/li>\n\n\n\n<li>Descansos insuficientes<\/li>\n\n\n\n<li>Riesgos de seguridad<\/li>\n\n\n\n<li>Falta de tiempo para pausas obligatorias<\/li>\n<\/ul>\n\n\n\n<h3 class=\"wp-block-heading\"><strong>3. No revisar el hist\u00f3rico de los \u00faltimos 14 d\u00edas<\/strong><\/h3>\n\n\n\n<p>El <a href=\"https:\/\/www.boe.es\/buscar\/doc.php?id=DOUE-L-2006-80632\">Reglamento 561\/2006<\/a> no se entiende mirando solo la jornada actual. El an\u00e1lisis debe incluir las semanas anteriores, sobre todo si ha habido:<\/p>\n\n\n\n<ul class=\"nv-cv-m wp-block-list\">\n<li>Descansos reducidos<\/li>\n\n\n\n<li>Extensiones a 10 horas<\/li>\n\n\n\n<li>Semanas largas de conducci\u00f3n<\/li>\n\n\n\n<li>Jornadas acumuladas<\/li>\n<\/ul>\n\n\n\n<h3 class=\"wp-block-heading\"><strong>4. Replanificar \u201csobre la marcha\u201d sin ver el tiempo real disponible<\/strong><\/h3>\n\n\n\n<p>Esto suele pasar por falta de informaci\u00f3n: llega un pedido urgente, se necesita un cami\u00f3n, y se asigna al primero que est\u00e1 disponible\u2026 aunque no sea el que m\u00e1s margen tiene.<\/p>\n\n\n\n<h2 class=\"wp-block-heading\"><strong>Buenas pr\u00e1cticas para planificar correctamente estas jornadas mixtas<\/strong><\/h2>\n\n\n\n<h3 class=\"wp-block-heading\"><strong>1. Revisar siempre el DDS antes de asignar una nueva jornada<\/strong><\/h3>\n\n\n\n<p>Una herramienta como <a href=\"https:\/\/www.tadig.es\/\">Tadig <\/a>muestra:<\/p>\n\n\n\n<ul class=\"nv-cv-d nv-cv-m wp-block-list\">\n<li>Tiempo de conducci\u00f3n disponible<\/li>\n\n\n\n<li>Riesgo de infracci\u00f3n<\/li>\n\n\n\n<li>Pausas obligatorias pendientes<\/li>\n\n\n\n<li>C\u00f3mputo semanal y bisemanal<\/li>\n<\/ul>\n\n\n\n<p>Esto permite saber, en segundos, si ese conductor puede asumir una jornada local o si es preferible otro.<\/p>\n\n\n\n<h3 class=\"wp-block-heading\"><strong>2. Crear reglas internas espec\u00edficas<\/strong><\/h3>\n\n\n\n<p>Las empresas m\u00e1s organizadas aplican criterios como:<\/p>\n\n\n\n<ul class=\"nv-cv-d nv-cv-m wp-block-list\">\n<li>\u201cSi el conductor ha llegado de internacional, m\u00ednimo 24 h sin asignaci\u00f3n local intensa\u201d.<\/li>\n\n\n\n<li>\u201cSi acumula 2 semanas largas, priorizar jornadas cortas locales\u201d.<\/li>\n<\/ul>\n\n\n\n<p>Peque\u00f1as reglas evitan grandes sanciones.<\/p>\n\n\n\n<h3 class=\"wp-block-heading\"><strong>3. Analizar la carga real del trabajo local<\/strong><\/h3>\n\n\n\n<p>No todas las rutas urbanas son iguales. Algunas requieren m\u00e1s tiempo de trabajo que de conducci\u00f3n, y eso puede tensionar los l\u00edmites legales.<\/p>\n\n\n\n<h3 class=\"wp-block-heading\"><strong>4. Formar a los responsables que planifican<\/strong><\/h3>\n\n\n\n<p>El problema no suele ser la normativa, sino c\u00f3mo interpretarla en jornadas mixtas. Una breve formaci\u00f3n evita muchas asignaciones err\u00f3neas.<\/p>\n\n\n\n<h2 class=\"wp-block-heading\"><strong>C\u00f3mo ayuda Tadig en la planificaci\u00f3n mixta<\/strong><\/h2>\n\n\n\n<p>En Tadig vemos a diario c\u00f3mo las empresas reducen infracciones simplemente <strong>visualizando el tiempo real que tiene cada conductor<\/strong>.<\/p>\n\n\n\n<p>El sistema DDS analiza autom\u00e1ticamente los \u00faltimos 28 d\u00edas y muestra:<\/p>\n\n\n\n<ul class=\"nv-cv-d nv-cv-m wp-block-list\">\n<li>Tiempos disponibles<\/li>\n\n\n\n<li>Descansos pendientes<\/li>\n\n\n\n<li>Riesgo de llegar al l\u00edmite<\/li>\n\n\n\n<li>Alertas en tiempo real<\/li>\n<\/ul>\n\n\n\n<p>Para empresas que combinan internacional y local, esta informaci\u00f3n es esencial: evita asignaciones incorrectas y permite tomar decisiones r\u00e1pidas basadas en datos reales, no en suposiciones.<\/p>\n\n\n\n<h2 class=\"wp-block-heading\"><strong>Conclusi\u00f3n<\/strong><\/h2>\n\n\n\n<p>Gestionar un conductor que alterna rutas internacionales con trabajos locales es un reto que muchas empresas subestiman.<\/p>\n\n\n\n<p>El riesgo no est\u00e1 en la carretera, sino en la <strong>planificaci\u00f3n previa<\/strong>. Con normas claras, an\u00e1lisis real del tiempo disponible y herramientas como Tadig, las flotas pueden evitar sanciones, optimizar recursos y proteger al conductor.<\/p>\n","protected":false},"excerpt":{"rendered":"<p>Organizar la jornada de un conductor ya es una tarea delicada cuando realiza \u00fanicamente rutas nacionales. Pero cuando un mismo conductor alterna transporte internacional con trabajos locales, la planificaci\u00f3n se vuelve mucho m\u00e1s compleja de lo que parece sobre el papel. Lo comprobamos a diario en empresas que trabajan con varios tipos de servicio: un&hellip;&nbsp;<\/p>\n<div class=\"read-more-wrapper\"><a href=\"https:\/\/www.tadig.es\/blog\/planificacion-conductores-rutas-internacionales-y-locales\/\" class=\"button button-primary\" rel=\"bookmark\">Seguir leyendo \u00bb<span class=\"screen-reader-text\">C\u00f3mo planificar la jornada de un conductor cuando combina transporte internacional y trabajos locales<\/span><\/a><\/div>\n","protected":false},"author":5,"featured_media":6366,"comment_status":"open","ping_status":"closed","sticky":false,"template":"","format":"standard","meta":{"neve_meta_sidebar":"","neve_meta_container":"","neve_meta_enable_content_width":"","neve_meta_content_width":0,"neve_meta_title_alignment":"","neve_meta_author_avatar":"","neve_post_elements_order":"","neve_meta_disable_header":"","neve_meta_disable_footer":"","neve_meta_disable_title":"","neve_meta_reading_time":"","footnotes":""},"categories":[295],"tags":[],"class_list":["post-6362","post","type-post","status-publish","format-standard","has-post-thumbnail","hentry","category-consejos"],"yoast_head":"<!-- This site is optimized with the Yoast SEO plugin v27.1.1 - https:\/\/yoast.com\/product\/yoast-seo-wordpress\/ -->\n<title>C\u00f3mo planificar a un conductor que combina rutas internacionales.<\/title>\n<meta name=\"description\" content=\"Organizar jornadas mixtas entre internacional y reparto local puede generar sanciones. Te contamos c\u00f3mo planificar correctamente a los conductores\" \/>\n<meta name=\"robots\" content=\"index, follow, max-snippet:-1, max-image-preview:large, max-video-preview:-1\" \/>\n<link rel=\"canonical\" href=\"https:\/\/www.tadig.es\/blog\/planificacion-conductores-rutas-internacionales-y-locales\/\" \/>\n<meta property=\"og:locale\" content=\"es_ES\" \/>\n<meta property=\"og:type\" content=\"article\" \/>\n<meta property=\"og:title\" content=\"C\u00f3mo planificar a un conductor que combina rutas internacionales.\" \/>\n<meta property=\"og:description\" content=\"Organizar jornadas mixtas entre internacional y reparto local puede generar sanciones. Te contamos c\u00f3mo planificar correctamente a los conductores\" \/>\n<meta property=\"og:url\" content=\"https:\/\/www.tadig.es\/blog\/planificacion-conductores-rutas-internacionales-y-locales\/\" \/>\n<meta property=\"og:site_name\" content=\"TADIG | Blog\" \/>\n<meta property=\"article:published_time\" content=\"2025-12-01T14:41:32+00:00\" \/>\n<meta property=\"article:modified_time\" content=\"2025-12-01T14:48:27+00:00\" \/>\n<meta property=\"og:image\" content=\"https:\/\/www.tadig.es\/blog\/wp-content\/uploads\/2025\/12\/planificacion-jornadas-mixtas-conductor1.png\" \/>\n\t<meta property=\"og:image:width\" content=\"1920\" \/>\n\t<meta property=\"og:image:height\" content=\"500\" \/>\n\t<meta property=\"og:image:type\" content=\"image\/png\" \/>\n<meta name=\"author\" content=\"Mar\u00eda de TADIG\" \/>\n<meta name=\"twitter:card\" content=\"summary_large_image\" \/>\n<meta name=\"twitter:creator\" content=\"@tacografo_Tadig\" \/>\n<meta name=\"twitter:site\" content=\"@tacografo_Tadig\" \/>\n<meta name=\"twitter:label1\" content=\"Escrito por\" \/>\n\t<meta name=\"twitter:data1\" content=\"Mar\u00eda de TADIG\" \/>\n\t<meta name=\"twitter:label2\" content=\"Tiempo de lectura\" \/>\n\t<meta name=\"twitter:data2\" content=\"4 minutos\" \/>\n<script type=\"application\/ld+json\" class=\"yoast-schema-graph\">{\"@context\":\"https:\/\/schema.org\",\"@graph\":[{\"@type\":\"Article\",\"@id\":\"https:\/\/www.tadig.es\/blog\/planificacion-conductores-rutas-internacionales-y-locales\/#article\",\"isPartOf\":{\"@id\":\"https:\/\/www.tadig.es\/blog\/planificacion-conductores-rutas-internacionales-y-locales\/\"},\"author\":{\"name\":\"Mar\u00eda de TADIG\",\"@id\":\"https:\/\/www.tadig.es\/blog\/#\/schema\/person\/56aa244a83a32555b1c320c07d46902d\"},\"headline\":\"C\u00f3mo planificar la jornada de un conductor cuando combina transporte internacional y trabajos locales\",\"datePublished\":\"2025-12-01T14:41:32+00:00\",\"dateModified\":\"2025-12-01T14:48:27+00:00\",\"mainEntityOfPage\":{\"@id\":\"https:\/\/www.tadig.es\/blog\/planificacion-conductores-rutas-internacionales-y-locales\/\"},\"wordCount\":854,\"commentCount\":0,\"publisher\":{\"@id\":\"https:\/\/www.tadig.es\/blog\/#organization\"},\"image\":{\"@id\":\"https:\/\/www.tadig.es\/blog\/planificacion-conductores-rutas-internacionales-y-locales\/#primaryimage\"},\"thumbnailUrl\":\"https:\/\/www.tadig.es\/blog\/wp-content\/uploads\/2025\/12\/planificacion-jornadas-mixtas-conductor1.png\",\"articleSection\":[\"Consejos\"],\"inLanguage\":\"es\",\"potentialAction\":[{\"@type\":\"CommentAction\",\"name\":\"Comment\",\"target\":[\"https:\/\/www.tadig.es\/blog\/planificacion-conductores-rutas-internacionales-y-locales\/#respond\"]}]},{\"@type\":\"WebPage\",\"@id\":\"https:\/\/www.tadig.es\/blog\/planificacion-conductores-rutas-internacionales-y-locales\/\",\"url\":\"https:\/\/www.tadig.es\/blog\/planificacion-conductores-rutas-internacionales-y-locales\/\",\"name\":\"C\u00f3mo planificar a un conductor que combina rutas internacionales.\",\"isPartOf\":{\"@id\":\"https:\/\/www.tadig.es\/blog\/#website\"},\"primaryImageOfPage\":{\"@id\":\"https:\/\/www.tadig.es\/blog\/planificacion-conductores-rutas-internacionales-y-locales\/#primaryimage\"},\"image\":{\"@id\":\"https:\/\/www.tadig.es\/blog\/planificacion-conductores-rutas-internacionales-y-locales\/#primaryimage\"},\"thumbnailUrl\":\"https:\/\/www.tadig.es\/blog\/wp-content\/uploads\/2025\/12\/planificacion-jornadas-mixtas-conductor1.png\",\"datePublished\":\"2025-12-01T14:41:32+00:00\",\"dateModified\":\"2025-12-01T14:48:27+00:00\",\"description\":\"Organizar jornadas mixtas entre internacional y reparto local puede generar sanciones. Te contamos c\u00f3mo planificar correctamente a los conductores\",\"breadcrumb\":{\"@id\":\"https:\/\/www.tadig.es\/blog\/planificacion-conductores-rutas-internacionales-y-locales\/#breadcrumb\"},\"inLanguage\":\"es\",\"potentialAction\":[{\"@type\":\"ReadAction\",\"target\":[\"https:\/\/www.tadig.es\/blog\/planificacion-conductores-rutas-internacionales-y-locales\/\"]}]},{\"@type\":\"ImageObject\",\"inLanguage\":\"es\",\"@id\":\"https:\/\/www.tadig.es\/blog\/planificacion-conductores-rutas-internacionales-y-locales\/#primaryimage\",\"url\":\"https:\/\/www.tadig.es\/blog\/wp-content\/uploads\/2025\/12\/planificacion-jornadas-mixtas-conductor1.png\",\"contentUrl\":\"https:\/\/www.tadig.es\/blog\/wp-content\/uploads\/2025\/12\/planificacion-jornadas-mixtas-conductor1.png\",\"width\":1920,\"height\":500,\"caption\":\"planificaci\u00f3n jornadas mixtas conductor\"},{\"@type\":\"BreadcrumbList\",\"@id\":\"https:\/\/www.tadig.es\/blog\/planificacion-conductores-rutas-internacionales-y-locales\/#breadcrumb\",\"itemListElement\":[{\"@type\":\"ListItem\",\"position\":1,\"name\":\"Blog\",\"item\":\"https:\/\/www.tadig.es\/blog\/\"},{\"@type\":\"ListItem\",\"position\":2,\"name\":\"C\u00f3mo planificar la jornada de un conductor cuando combina transporte internacional y trabajos locales\"}]},{\"@type\":\"WebSite\",\"@id\":\"https:\/\/www.tadig.es\/blog\/#website\",\"url\":\"https:\/\/www.tadig.es\/blog\/\",\"name\":\"TADIG | Blog\",\"description\":\"Todo lo que necesitas saber sobre el tac\u00f3grafo digital.\",\"publisher\":{\"@id\":\"https:\/\/www.tadig.es\/blog\/#organization\"},\"potentialAction\":[{\"@type\":\"SearchAction\",\"target\":{\"@type\":\"EntryPoint\",\"urlTemplate\":\"https:\/\/www.tadig.es\/blog\/?s={search_term_string}\"},\"query-input\":{\"@type\":\"PropertyValueSpecification\",\"valueRequired\":true,\"valueName\":\"search_term_string\"}}],\"inLanguage\":\"es\"},{\"@type\":\"Organization\",\"@id\":\"https:\/\/www.tadig.es\/blog\/#organization\",\"name\":\"TADIG\",\"url\":\"https:\/\/www.tadig.es\/blog\/\",\"logo\":{\"@type\":\"ImageObject\",\"inLanguage\":\"es\",\"@id\":\"https:\/\/www.tadig.es\/blog\/#\/schema\/logo\/image\/\",\"url\":\"https:\/\/www.tadig.es\/blog\/wp-content\/uploads\/2019\/06\/logo-tadig-1.png\",\"contentUrl\":\"https:\/\/www.tadig.es\/blog\/wp-content\/uploads\/2019\/06\/logo-tadig-1.png\",\"width\":96,\"height\":50,\"caption\":\"TADIG\"},\"image\":{\"@id\":\"https:\/\/www.tadig.es\/blog\/#\/schema\/logo\/image\/\"},\"sameAs\":[\"https:\/\/x.com\/tacografo_Tadig\"]},{\"@type\":\"Person\",\"@id\":\"https:\/\/www.tadig.es\/blog\/#\/schema\/person\/56aa244a83a32555b1c320c07d46902d\",\"name\":\"Mar\u00eda de TADIG\",\"image\":{\"@type\":\"ImageObject\",\"inLanguage\":\"es\",\"@id\":\"https:\/\/www.tadig.es\/blog\/#\/schema\/person\/image\/\",\"url\":\"https:\/\/secure.gravatar.com\/avatar\/aee8a465a4d451372dfb3111f1a9a7110c5a5eb27b731b46306db5b1fb2769cd?s=96&d=mm&r=g\",\"contentUrl\":\"https:\/\/secure.gravatar.com\/avatar\/aee8a465a4d451372dfb3111f1a9a7110c5a5eb27b731b46306db5b1fb2769cd?s=96&d=mm&r=g\",\"caption\":\"Mar\u00eda de TADIG\"}}]}<\/script>\n<!-- \/ Yoast SEO plugin. -->","yoast_head_json":{"title":"C\u00f3mo planificar a un conductor que combina rutas internacionales.","description":"Organizar jornadas mixtas entre internacional y reparto local puede generar sanciones. Te contamos c\u00f3mo planificar correctamente a los conductores","robots":{"index":"index","follow":"follow","max-snippet":"max-snippet:-1","max-image-preview":"max-image-preview:large","max-video-preview":"max-video-preview:-1"},"canonical":"https:\/\/www.tadig.es\/blog\/planificacion-conductores-rutas-internacionales-y-locales\/","og_locale":"es_ES","og_type":"article","og_title":"C\u00f3mo planificar a un conductor que combina rutas internacionales.","og_description":"Organizar jornadas mixtas entre internacional y reparto local puede generar sanciones. Te contamos c\u00f3mo planificar correctamente a los conductores","og_url":"https:\/\/www.tadig.es\/blog\/planificacion-conductores-rutas-internacionales-y-locales\/","og_site_name":"TADIG | Blog","article_published_time":"2025-12-01T14:41:32+00:00","article_modified_time":"2025-12-01T14:48:27+00:00","og_image":[{"width":1920,"height":500,"url":"https:\/\/www.tadig.es\/blog\/wp-content\/uploads\/2025\/12\/planificacion-jornadas-mixtas-conductor1.png","type":"image\/png"}],"author":"Mar\u00eda de TADIG","twitter_card":"summary_large_image","twitter_creator":"@tacografo_Tadig","twitter_site":"@tacografo_Tadig","twitter_misc":{"Escrito por":"Mar\u00eda de TADIG","Tiempo de lectura":"4 minutos"},"schema":{"@context":"https:\/\/schema.org","@graph":[{"@type":"Article","@id":"https:\/\/www.tadig.es\/blog\/planificacion-conductores-rutas-internacionales-y-locales\/#article","isPartOf":{"@id":"https:\/\/www.tadig.es\/blog\/planificacion-conductores-rutas-internacionales-y-locales\/"},"author":{"name":"Mar\u00eda de TADIG","@id":"https:\/\/www.tadig.es\/blog\/#\/schema\/person\/56aa244a83a32555b1c320c07d46902d"},"headline":"C\u00f3mo planificar la jornada de un conductor cuando combina transporte internacional y trabajos locales","datePublished":"2025-12-01T14:41:32+00:00","dateModified":"2025-12-01T14:48:27+00:00","mainEntityOfPage":{"@id":"https:\/\/www.tadig.es\/blog\/planificacion-conductores-rutas-internacionales-y-locales\/"},"wordCount":854,"commentCount":0,"publisher":{"@id":"https:\/\/www.tadig.es\/blog\/#organization"},"image":{"@id":"https:\/\/www.tadig.es\/blog\/planificacion-conductores-rutas-internacionales-y-locales\/#primaryimage"},"thumbnailUrl":"https:\/\/www.tadig.es\/blog\/wp-content\/uploads\/2025\/12\/planificacion-jornadas-mixtas-conductor1.png","articleSection":["Consejos"],"inLanguage":"es","potentialAction":[{"@type":"CommentAction","name":"Comment","target":["https:\/\/www.tadig.es\/blog\/planificacion-conductores-rutas-internacionales-y-locales\/#respond"]}]},{"@type":"WebPage","@id":"https:\/\/www.tadig.es\/blog\/planificacion-conductores-rutas-internacionales-y-locales\/","url":"https:\/\/www.tadig.es\/blog\/planificacion-conductores-rutas-internacionales-y-locales\/","name":"C\u00f3mo planificar a un conductor que combina rutas internacionales.","isPartOf":{"@id":"https:\/\/www.tadig.es\/blog\/#website"},"primaryImageOfPage":{"@id":"https:\/\/www.tadig.es\/blog\/planificacion-conductores-rutas-internacionales-y-locales\/#primaryimage"},"image":{"@id":"https:\/\/www.tadig.es\/blog\/planificacion-conductores-rutas-internacionales-y-locales\/#primaryimage"},"thumbnailUrl":"https:\/\/www.tadig.es\/blog\/wp-content\/uploads\/2025\/12\/planificacion-jornadas-mixtas-conductor1.png","datePublished":"2025-12-01T14:41:32+00:00","dateModified":"2025-12-01T14:48:27+00:00","description":"Organizar jornadas mixtas entre internacional y reparto local puede generar sanciones. Te contamos c\u00f3mo planificar correctamente a los conductores","breadcrumb":{"@id":"https:\/\/www.tadig.es\/blog\/planificacion-conductores-rutas-internacionales-y-locales\/#breadcrumb"},"inLanguage":"es","potentialAction":[{"@type":"ReadAction","target":["https:\/\/www.tadig.es\/blog\/planificacion-conductores-rutas-internacionales-y-locales\/"]}]},{"@type":"ImageObject","inLanguage":"es","@id":"https:\/\/www.tadig.es\/blog\/planificacion-conductores-rutas-internacionales-y-locales\/#primaryimage","url":"https:\/\/www.tadig.es\/blog\/wp-content\/uploads\/2025\/12\/planificacion-jornadas-mixtas-conductor1.png","contentUrl":"https:\/\/www.tadig.es\/blog\/wp-content\/uploads\/2025\/12\/planificacion-jornadas-mixtas-conductor1.png","width":1920,"height":500,"caption":"planificaci\u00f3n jornadas mixtas conductor"},{"@type":"BreadcrumbList","@id":"https:\/\/www.tadig.es\/blog\/planificacion-conductores-rutas-internacionales-y-locales\/#breadcrumb","itemListElement":[{"@type":"ListItem","position":1,"name":"Blog","item":"https:\/\/www.tadig.es\/blog\/"},{"@type":"ListItem","position":2,"name":"C\u00f3mo planificar la jornada de un conductor cuando combina transporte internacional y trabajos locales"}]},{"@type":"WebSite","@id":"https:\/\/www.tadig.es\/blog\/#website","url":"https:\/\/www.tadig.es\/blog\/","name":"TADIG | Blog","description":"Todo lo que necesitas saber sobre el tac\u00f3grafo digital.","publisher":{"@id":"https:\/\/www.tadig.es\/blog\/#organization"},"potentialAction":[{"@type":"SearchAction","target":{"@type":"EntryPoint","urlTemplate":"https:\/\/www.tadig.es\/blog\/?s={search_term_string}"},"query-input":{"@type":"PropertyValueSpecification","valueRequired":true,"valueName":"search_term_string"}}],"inLanguage":"es"},{"@type":"Organization","@id":"https:\/\/www.tadig.es\/blog\/#organization","name":"TADIG","url":"https:\/\/www.tadig.es\/blog\/","logo":{"@type":"ImageObject","inLanguage":"es","@id":"https:\/\/www.tadig.es\/blog\/#\/schema\/logo\/image\/","url":"https:\/\/www.tadig.es\/blog\/wp-content\/uploads\/2019\/06\/logo-tadig-1.png","contentUrl":"https:\/\/www.tadig.es\/blog\/wp-content\/uploads\/2019\/06\/logo-tadig-1.png","width":96,"height":50,"caption":"TADIG"},"image":{"@id":"https:\/\/www.tadig.es\/blog\/#\/schema\/logo\/image\/"},"sameAs":["https:\/\/x.com\/tacografo_Tadig"]},{"@type":"Person","@id":"https:\/\/www.tadig.es\/blog\/#\/schema\/person\/56aa244a83a32555b1c320c07d46902d","name":"Mar\u00eda de TADIG","image":{"@type":"ImageObject","inLanguage":"es","@id":"https:\/\/www.tadig.es\/blog\/#\/schema\/person\/image\/","url":"https:\/\/secure.gravatar.com\/avatar\/aee8a465a4d451372dfb3111f1a9a7110c5a5eb27b731b46306db5b1fb2769cd?s=96&d=mm&r=g","contentUrl":"https:\/\/secure.gravatar.com\/avatar\/aee8a465a4d451372dfb3111f1a9a7110c5a5eb27b731b46306db5b1fb2769cd?s=96&d=mm&r=g","caption":"Mar\u00eda de TADIG"}}]}},"_links":{"self":[{"href":"https:\/\/www.tadig.es\/blog\/wp-json\/wp\/v2\/posts\/6362","targetHints":{"allow":["GET"]}}],"collection":[{"href":"https:\/\/www.tadig.es\/blog\/wp-json\/wp\/v2\/posts"}],"about":[{"href":"https:\/\/www.tadig.es\/blog\/wp-json\/wp\/v2\/types\/post"}],"author":[{"embeddable":true,"href":"https:\/\/www.tadig.es\/blog\/wp-json\/wp\/v2\/users\/5"}],"replies":[{"embeddable":true,"href":"https:\/\/www.tadig.es\/blog\/wp-json\/wp\/v2\/comments?post=6362"}],"version-history":[{"count":2,"href":"https:\/\/www.tadig.es\/blog\/wp-json\/wp\/v2\/posts\/6362\/revisions"}],"predecessor-version":[{"id":6365,"href":"https:\/\/www.tadig.es\/blog\/wp-json\/wp\/v2\/posts\/6362\/revisions\/6365"}],"wp:featuredmedia":[{"embeddable":true,"href":"https:\/\/www.tadig.es\/blog\/wp-json\/wp\/v2\/media\/6366"}],"wp:attachment":[{"href":"https:\/\/www.tadig.es\/blog\/wp-json\/wp\/v2\/media?parent=6362"}],"wp:term":[{"taxonomy":"category","embeddable":true,"href":"https:\/\/www.tadig.es\/blog\/wp-json\/wp\/v2\/categories?post=6362"},{"taxonomy":"post_tag","embeddable":true,"href":"https:\/\/www.tadig.es\/blog\/wp-json\/wp\/v2\/tags?post=6362"}],"curies":[{"name":"wp","href":"https:\/\/api.w.org\/{rel}","templated":true}]}}