



{"id":6359,"date":"2025-11-24T09:57:50","date_gmt":"2025-11-24T08:57:50","guid":{"rendered":"https:\/\/www.tadig.es\/blog\/?p=6359"},"modified":"2025-11-24T09:57:52","modified_gmt":"2025-11-24T08:57:52","slug":"baliza-v16-obligatoria-camiones-2026","status":"publish","type":"post","link":"https:\/\/www.tadig.es\/blog\/baliza-v16-obligatoria-camiones-2026\/","title":{"rendered":"\u00bfSer\u00e1 obligatoria la baliza V16 en camiones a partir de 2026?"},"content":{"rendered":"\n<p>A partir del <strong>1 de enero de 2026<\/strong>, el cl\u00e1sico tri\u00e1ngulo de emergencia dejar\u00e1 de ser v\u00e1lido y ser\u00e1 sustituido por los nuevos dispositivos de prese\u00f1alizaci\u00f3n luminosa: las balizas V16 conectadas.<\/p>\n\n\n\n<p>Este cambio afecta a todos los veh\u00edculos, pero muchas empresas de transporte a\u00fan se preguntan: <strong>\u00bftambi\u00e9n es obligatoria la baliza V16 en camiones?<\/strong><\/p>\n\n\n\n<p>En este post resolvemos esa duda, explicamos qu\u00e9 dice la normativa, cu\u00e1les son los requisitos del nuevo dispositivo, y qu\u00e9 implicaciones tiene para las flotas de transporte. Una transici\u00f3n que no solo tiene que ver con la seguridad vial, sino tambi\u00e9n con la adaptaci\u00f3n tecnol\u00f3gica de los veh\u00edculos.<\/p>\n\n\n\n<h2 class=\"wp-block-heading\"><strong>\u00bfQu\u00e9 es la baliza V16 y por qu\u00e9 sustituye al tri\u00e1ngulo?<\/strong><\/h2>\n\n\n\n<p>La <strong>baliza V16<\/strong> es un dispositivo luminoso de se\u00f1alizaci\u00f3n de emergencias que se coloca en el techo del veh\u00edculo cuando hay una aver\u00eda o accidente.<\/p>\n\n\n\n<p>Su principal ventaja frente al tri\u00e1ngulo es que no obliga al conductor a salir del veh\u00edculo, <strong>reduciendo el riesgo de atropello<\/strong>, especialmente en carreteras de alta velocidad.<\/p>\n\n\n\n<p>Las nuevas balizas V16 homologadas y conectadas enviar\u00e1n autom\u00e1ticamente la ubicaci\u00f3n del veh\u00edculo al punto de acceso nacional de tr\u00e1fico, mejorando la gesti\u00f3n de emergencias y la <strong>visibilidad del incidente para otros conductores<\/strong>.<\/p>\n\n\n\n<h2 class=\"wp-block-heading\"><strong>\u00bfEs obligatoria la baliza V16 en camiones?<\/strong><\/h2>\n\n\n\n<p>S\u00ed, la normativa no distingue entre turismos, furgonetas o veh\u00edculos pesados. Todos los veh\u00edculos a motor deber\u00e1n contar obligatoriamente con una baliza V16 conectada y homologada a partir del <strong>1 de enero de 2026.<\/strong><\/p>\n\n\n\n<p>Esto incluye camiones, autobuses, furgonetas de reparto y cualquier veh\u00edculo profesional. La \u00fanica excepci\u00f3n son los veh\u00edculos hist\u00f3ricos y los que carecen de techo donde colocar la baliza, pero no es el caso habitual en flotas de transporte.<\/p>\n\n\n\n<h2 class=\"wp-block-heading\"><strong>\u00bfQu\u00e9 requisitos debe cumplir una baliza V16 conectada?<\/strong><\/h2>\n\n\n\n<p>No todas las balizas V16 valen. Para cumplir con la normativa, debe ser:<\/p>\n\n\n\n<ul class=\"wp-block-list\">\n<li>Homologada por la DGT<\/li>\n\n\n\n<li>Conectada por SIM integrada (sin necesidad de m\u00f3vil)<\/li>\n\n\n\n<li>Capaz de emitir se\u00f1al luminosa visible a 1 km<\/li>\n\n\n\n<li>Funcionar durante al menos 30 minutos<\/li>\n\n\n\n<li>Resistente al agua y viento<\/li>\n<\/ul>\n\n\n\n<p>Ten cuidado con modelos antiguos o baratos que no cumplan con la conectividad obligatoria: <a href=\"https:\/\/www.dgt.es\/muevete-con-seguridad\/tecnologia-e-innovacion-en-carretera\/Dispositivos-de-presenalizacion-V16\/\">solo las V16 con <strong>conexi\u00f3n DGT 3.0<\/strong><\/a> ser\u00e1n v\u00e1lidas en 2026.<\/p>\n\n\n\n<h2 class=\"wp-block-heading\"><strong>\u00bfQu\u00e9 implica para las flotas de transporte?<\/strong><\/h2>\n\n\n\n<p>Para empresas que gestionan decenas de veh\u00edculos, esto no es solo una cuesti\u00f3n de seguridad: es tambi\u00e9n una inversi\u00f3n que conviene planificar con tiempo.<\/p>\n\n\n\n<p>Algunas claves:<\/p>\n\n\n\n<ul class=\"wp-block-list\">\n<li>Planifica la <strong>compra con antelaci\u00f3n<\/strong>, ya que el aumento de la demanda puede hacer subir los precios en 2025.<\/li>\n\n\n\n<li>Aseg\u00farate de que la <strong>baliza est\u00e9 homologada <\/strong>y registrada en la<a href=\"https:\/\/www.dgt.es\/muevete-con-seguridad\/tecnologia-e-innovacion-en-carretera\/Dispositivos-de-presenalizacion-V16\/\"> web oficial de la DGT.<\/a><\/li>\n\n\n\n<li>Aprovecha la renovaci\u00f3n de equipos o inspecciones para incorporar este dispositivo en todos los camiones.<\/li>\n<\/ul>\n\n\n\n<p>Adem\u00e1s, recuerda que no disponer del dispositivo a partir de 2026 puede suponer sanciones, del mismo modo que hoy lo ser\u00eda circular sin tri\u00e1ngulos.<\/p>\n\n\n\n<h2 class=\"wp-block-heading\"><strong>\u00bfC\u00f3mo puede ayudarte Tadig?<\/strong><\/h2>\n\n\n\n<p>Aunque la baliza V16 no se gestiona desde el tac\u00f3grafo, en <strong>Tadig<\/strong> sabemos que cada cambio normativo afecta a la operativa de las empresas de transporte.<\/p>\n\n\n\n<p>Por eso, nuestro sistema est\u00e1 dise\u00f1ado para ayudarte a mantener al d\u00eda todo lo relacionado con la normativa: desde los tiempos de conducci\u00f3n y descanso hasta la planificaci\u00f3n de rutas y jornadas.<\/p>\n\n\n\n<p>Adem\u00e1s, con nuestra herramienta puedes anticiparte a cualquier vencimiento gracias al <strong>Sistema de Ayuda a la Toma de Decisiones del Conductor<\/strong> (DDS), que te avisa de plazos, descargas pendientes, o situaciones que puedan acabar en sanci\u00f3n.<\/p>\n\n\n\n<h2 class=\"wp-block-heading\"><strong>Conclusi\u00f3n<\/strong><\/h2>\n\n\n\n<p>La <strong>baliza V16<\/strong> conectada ser\u00e1 obligatoria para todos los veh\u00edculos, incluidos los camiones, a partir de enero de 2026.<\/p>\n\n\n\n<p>Es un cambio pensado para proteger la vida de los conductores, pero que tambi\u00e9n requiere previsi\u00f3n por parte de las flotas profesionales.<\/p>\n\n\n\n<p>Desde Tadig te animamos a planificar con antelaci\u00f3n la incorporaci\u00f3n de estos dispositivos en tus veh\u00edculos, para que puedas centrarte en lo m\u00e1s importante: seguir conduciendo con seguridad y cumpliendo la normativa, sin sorpresas.<\/p>\n\n\n\n<p>M\u00e1s informaci\u00f3n sobre c\u00f3mo Tadig te ayuda a mantener tu flota bajo control en&nbsp;<a href=\"https:\/\/www.tadig.es\/\" target=\"_blank\" rel=\"noreferrer noopener\">www.tadig.es<\/a><\/p>\n","protected":false},"excerpt":{"rendered":"<p>A partir del 1 de enero de 2026, el cl\u00e1sico tri\u00e1ngulo de emergencia dejar\u00e1 de ser v\u00e1lido y ser\u00e1 sustituido por los nuevos dispositivos de prese\u00f1alizaci\u00f3n luminosa: las balizas V16 conectadas. Este cambio afecta a todos los veh\u00edculos, pero muchas empresas de transporte a\u00fan se preguntan: \u00bftambi\u00e9n es obligatoria la baliza V16 en camiones? En&hellip;&nbsp;<\/p>\n<div class=\"read-more-wrapper\"><a href=\"https:\/\/www.tadig.es\/blog\/baliza-v16-obligatoria-camiones-2026\/\" class=\"button button-primary\" rel=\"bookmark\">Seguir leyendo \u00bb<span class=\"screen-reader-text\">\u00bfSer\u00e1 obligatoria la baliza V16 en camiones a partir de 2026?<\/span><\/a><\/div>\n","protected":false},"author":5,"featured_media":6361,"comment_status":"open","ping_status":"closed","sticky":false,"template":"","format":"standard","meta":{"neve_meta_sidebar":"","neve_meta_container":"","neve_meta_enable_content_width":"","neve_meta_content_width":0,"neve_meta_title_alignment":"","neve_meta_author_avatar":"","neve_post_elements_order":"","neve_meta_disable_header":"","neve_meta_disable_footer":"","neve_meta_disable_title":"","neve_meta_reading_time":"","footnotes":""},"categories":[3],"tags":[],"class_list":["post-6359","post","type-post","status-publish","format-standard","has-post-thumbnail","hentry","category-normativa"],"yoast_head":"<!-- This site is optimized with the Yoast SEO plugin v27.1.1 - https:\/\/yoast.com\/product\/yoast-seo-wordpress\/ -->\n<title>\u00bfSer\u00e1 obligatoria la baliza V16 en camiones en 2026?<\/title>\n<meta name=\"description\" content=\"La baliza V16 conectada ser\u00e1 obligatoria en 2026 tambi\u00e9n para camiones. Descubre qu\u00e9 exige la normativa y c\u00f3mo preparar tu flota.\" \/>\n<meta name=\"robots\" content=\"index, follow, max-snippet:-1, max-image-preview:large, max-video-preview:-1\" \/>\n<link rel=\"canonical\" href=\"https:\/\/www.tadig.es\/blog\/baliza-v16-obligatoria-camiones-2026\/\" \/>\n<meta property=\"og:locale\" content=\"es_ES\" \/>\n<meta property=\"og:type\" content=\"article\" \/>\n<meta property=\"og:title\" content=\"\u00bfSer\u00e1 obligatoria la baliza V16 en camiones en 2026?\" \/>\n<meta property=\"og:description\" content=\"La baliza V16 conectada ser\u00e1 obligatoria en 2026 tambi\u00e9n para camiones. Descubre qu\u00e9 exige la normativa y c\u00f3mo preparar tu flota.\" \/>\n<meta property=\"og:url\" content=\"https:\/\/www.tadig.es\/blog\/baliza-v16-obligatoria-camiones-2026\/\" \/>\n<meta property=\"og:site_name\" content=\"TADIG | Blog\" \/>\n<meta property=\"article:published_time\" content=\"2025-11-24T08:57:50+00:00\" \/>\n<meta property=\"article:modified_time\" content=\"2025-11-24T08:57:52+00:00\" \/>\n<meta property=\"og:image\" content=\"https:\/\/www.tadig.es\/blog\/wp-content\/uploads\/2025\/11\/baliza-V16-camiones-2026.png\" \/>\n\t<meta property=\"og:image:width\" content=\"1920\" \/>\n\t<meta property=\"og:image:height\" content=\"500\" \/>\n\t<meta property=\"og:image:type\" content=\"image\/png\" \/>\n<meta name=\"author\" content=\"Mar\u00eda de TADIG\" \/>\n<meta name=\"twitter:card\" content=\"summary_large_image\" \/>\n<meta name=\"twitter:creator\" content=\"@tacografo_Tadig\" \/>\n<meta name=\"twitter:site\" content=\"@tacografo_Tadig\" \/>\n<meta name=\"twitter:label1\" content=\"Escrito por\" \/>\n\t<meta name=\"twitter:data1\" content=\"Mar\u00eda de TADIG\" \/>\n\t<meta name=\"twitter:label2\" content=\"Tiempo de lectura\" \/>\n\t<meta name=\"twitter:data2\" content=\"4 minutos\" \/>\n<script type=\"application\/ld+json\" class=\"yoast-schema-graph\">{\"@context\":\"https:\/\/schema.org\",\"@graph\":[{\"@type\":\"Article\",\"@id\":\"https:\/\/www.tadig.es\/blog\/baliza-v16-obligatoria-camiones-2026\/#article\",\"isPartOf\":{\"@id\":\"https:\/\/www.tadig.es\/blog\/baliza-v16-obligatoria-camiones-2026\/\"},\"author\":{\"name\":\"Mar\u00eda de TADIG\",\"@id\":\"https:\/\/www.tadig.es\/blog\/#\/schema\/person\/56aa244a83a32555b1c320c07d46902d\"},\"headline\":\"\u00bfSer\u00e1 obligatoria la baliza V16 en camiones a partir de 2026?\",\"datePublished\":\"2025-11-24T08:57:50+00:00\",\"dateModified\":\"2025-11-24T08:57:52+00:00\",\"mainEntityOfPage\":{\"@id\":\"https:\/\/www.tadig.es\/blog\/baliza-v16-obligatoria-camiones-2026\/\"},\"wordCount\":721,\"commentCount\":0,\"publisher\":{\"@id\":\"https:\/\/www.tadig.es\/blog\/#organization\"},\"image\":{\"@id\":\"https:\/\/www.tadig.es\/blog\/baliza-v16-obligatoria-camiones-2026\/#primaryimage\"},\"thumbnailUrl\":\"https:\/\/www.tadig.es\/blog\/wp-content\/uploads\/2025\/11\/baliza-V16-camiones-2026.png\",\"articleSection\":[\"Normativa\"],\"inLanguage\":\"es\",\"potentialAction\":[{\"@type\":\"CommentAction\",\"name\":\"Comment\",\"target\":[\"https:\/\/www.tadig.es\/blog\/baliza-v16-obligatoria-camiones-2026\/#respond\"]}]},{\"@type\":\"WebPage\",\"@id\":\"https:\/\/www.tadig.es\/blog\/baliza-v16-obligatoria-camiones-2026\/\",\"url\":\"https:\/\/www.tadig.es\/blog\/baliza-v16-obligatoria-camiones-2026\/\",\"name\":\"\u00bfSer\u00e1 obligatoria la baliza V16 en camiones en 2026?\",\"isPartOf\":{\"@id\":\"https:\/\/www.tadig.es\/blog\/#website\"},\"primaryImageOfPage\":{\"@id\":\"https:\/\/www.tadig.es\/blog\/baliza-v16-obligatoria-camiones-2026\/#primaryimage\"},\"image\":{\"@id\":\"https:\/\/www.tadig.es\/blog\/baliza-v16-obligatoria-camiones-2026\/#primaryimage\"},\"thumbnailUrl\":\"https:\/\/www.tadig.es\/blog\/wp-content\/uploads\/2025\/11\/baliza-V16-camiones-2026.png\",\"datePublished\":\"2025-11-24T08:57:50+00:00\",\"dateModified\":\"2025-11-24T08:57:52+00:00\",\"description\":\"La baliza V16 conectada ser\u00e1 obligatoria en 2026 tambi\u00e9n para camiones. Descubre qu\u00e9 exige la normativa y c\u00f3mo preparar tu flota.\",\"breadcrumb\":{\"@id\":\"https:\/\/www.tadig.es\/blog\/baliza-v16-obligatoria-camiones-2026\/#breadcrumb\"},\"inLanguage\":\"es\",\"potentialAction\":[{\"@type\":\"ReadAction\",\"target\":[\"https:\/\/www.tadig.es\/blog\/baliza-v16-obligatoria-camiones-2026\/\"]}]},{\"@type\":\"ImageObject\",\"inLanguage\":\"es\",\"@id\":\"https:\/\/www.tadig.es\/blog\/baliza-v16-obligatoria-camiones-2026\/#primaryimage\",\"url\":\"https:\/\/www.tadig.es\/blog\/wp-content\/uploads\/2025\/11\/baliza-V16-camiones-2026.png\",\"contentUrl\":\"https:\/\/www.tadig.es\/blog\/wp-content\/uploads\/2025\/11\/baliza-V16-camiones-2026.png\",\"width\":1920,\"height\":500,\"caption\":\"baliza V16 camiones 2026\"},{\"@type\":\"BreadcrumbList\",\"@id\":\"https:\/\/www.tadig.es\/blog\/baliza-v16-obligatoria-camiones-2026\/#breadcrumb\",\"itemListElement\":[{\"@type\":\"ListItem\",\"position\":1,\"name\":\"Blog\",\"item\":\"https:\/\/www.tadig.es\/blog\/\"},{\"@type\":\"ListItem\",\"position\":2,\"name\":\"\u00bfSer\u00e1 obligatoria la baliza V16 en camiones a partir de 2026?\"}]},{\"@type\":\"WebSite\",\"@id\":\"https:\/\/www.tadig.es\/blog\/#website\",\"url\":\"https:\/\/www.tadig.es\/blog\/\",\"name\":\"TADIG | Blog\",\"description\":\"Todo lo que necesitas saber sobre el tac\u00f3grafo digital.\",\"publisher\":{\"@id\":\"https:\/\/www.tadig.es\/blog\/#organization\"},\"potentialAction\":[{\"@type\":\"SearchAction\",\"target\":{\"@type\":\"EntryPoint\",\"urlTemplate\":\"https:\/\/www.tadig.es\/blog\/?s={search_term_string}\"},\"query-input\":{\"@type\":\"PropertyValueSpecification\",\"valueRequired\":true,\"valueName\":\"search_term_string\"}}],\"inLanguage\":\"es\"},{\"@type\":\"Organization\",\"@id\":\"https:\/\/www.tadig.es\/blog\/#organization\",\"name\":\"TADIG\",\"url\":\"https:\/\/www.tadig.es\/blog\/\",\"logo\":{\"@type\":\"ImageObject\",\"inLanguage\":\"es\",\"@id\":\"https:\/\/www.tadig.es\/blog\/#\/schema\/logo\/image\/\",\"url\":\"https:\/\/www.tadig.es\/blog\/wp-content\/uploads\/2019\/06\/logo-tadig-1.png\",\"contentUrl\":\"https:\/\/www.tadig.es\/blog\/wp-content\/uploads\/2019\/06\/logo-tadig-1.png\",\"width\":96,\"height\":50,\"caption\":\"TADIG\"},\"image\":{\"@id\":\"https:\/\/www.tadig.es\/blog\/#\/schema\/logo\/image\/\"},\"sameAs\":[\"https:\/\/x.com\/tacografo_Tadig\"]},{\"@type\":\"Person\",\"@id\":\"https:\/\/www.tadig.es\/blog\/#\/schema\/person\/56aa244a83a32555b1c320c07d46902d\",\"name\":\"Mar\u00eda de TADIG\",\"image\":{\"@type\":\"ImageObject\",\"inLanguage\":\"es\",\"@id\":\"https:\/\/www.tadig.es\/blog\/#\/schema\/person\/image\/\",\"url\":\"https:\/\/secure.gravatar.com\/avatar\/aee8a465a4d451372dfb3111f1a9a7110c5a5eb27b731b46306db5b1fb2769cd?s=96&d=mm&r=g\",\"contentUrl\":\"https:\/\/secure.gravatar.com\/avatar\/aee8a465a4d451372dfb3111f1a9a7110c5a5eb27b731b46306db5b1fb2769cd?s=96&d=mm&r=g\",\"caption\":\"Mar\u00eda de TADIG\"}}]}<\/script>\n<!-- \/ Yoast SEO plugin. -->","yoast_head_json":{"title":"\u00bfSer\u00e1 obligatoria la baliza V16 en camiones en 2026?","description":"La baliza V16 conectada ser\u00e1 obligatoria en 2026 tambi\u00e9n para camiones. Descubre qu\u00e9 exige la normativa y c\u00f3mo preparar tu flota.","robots":{"index":"index","follow":"follow","max-snippet":"max-snippet:-1","max-image-preview":"max-image-preview:large","max-video-preview":"max-video-preview:-1"},"canonical":"https:\/\/www.tadig.es\/blog\/baliza-v16-obligatoria-camiones-2026\/","og_locale":"es_ES","og_type":"article","og_title":"\u00bfSer\u00e1 obligatoria la baliza V16 en camiones en 2026?","og_description":"La baliza V16 conectada ser\u00e1 obligatoria en 2026 tambi\u00e9n para camiones. Descubre qu\u00e9 exige la normativa y c\u00f3mo preparar tu flota.","og_url":"https:\/\/www.tadig.es\/blog\/baliza-v16-obligatoria-camiones-2026\/","og_site_name":"TADIG | Blog","article_published_time":"2025-11-24T08:57:50+00:00","article_modified_time":"2025-11-24T08:57:52+00:00","og_image":[{"width":1920,"height":500,"url":"https:\/\/www.tadig.es\/blog\/wp-content\/uploads\/2025\/11\/baliza-V16-camiones-2026.png","type":"image\/png"}],"author":"Mar\u00eda de TADIG","twitter_card":"summary_large_image","twitter_creator":"@tacografo_Tadig","twitter_site":"@tacografo_Tadig","twitter_misc":{"Escrito por":"Mar\u00eda de TADIG","Tiempo de lectura":"4 minutos"},"schema":{"@context":"https:\/\/schema.org","@graph":[{"@type":"Article","@id":"https:\/\/www.tadig.es\/blog\/baliza-v16-obligatoria-camiones-2026\/#article","isPartOf":{"@id":"https:\/\/www.tadig.es\/blog\/baliza-v16-obligatoria-camiones-2026\/"},"author":{"name":"Mar\u00eda de TADIG","@id":"https:\/\/www.tadig.es\/blog\/#\/schema\/person\/56aa244a83a32555b1c320c07d46902d"},"headline":"\u00bfSer\u00e1 obligatoria la baliza V16 en camiones a partir de 2026?","datePublished":"2025-11-24T08:57:50+00:00","dateModified":"2025-11-24T08:57:52+00:00","mainEntityOfPage":{"@id":"https:\/\/www.tadig.es\/blog\/baliza-v16-obligatoria-camiones-2026\/"},"wordCount":721,"commentCount":0,"publisher":{"@id":"https:\/\/www.tadig.es\/blog\/#organization"},"image":{"@id":"https:\/\/www.tadig.es\/blog\/baliza-v16-obligatoria-camiones-2026\/#primaryimage"},"thumbnailUrl":"https:\/\/www.tadig.es\/blog\/wp-content\/uploads\/2025\/11\/baliza-V16-camiones-2026.png","articleSection":["Normativa"],"inLanguage":"es","potentialAction":[{"@type":"CommentAction","name":"Comment","target":["https:\/\/www.tadig.es\/blog\/baliza-v16-obligatoria-camiones-2026\/#respond"]}]},{"@type":"WebPage","@id":"https:\/\/www.tadig.es\/blog\/baliza-v16-obligatoria-camiones-2026\/","url":"https:\/\/www.tadig.es\/blog\/baliza-v16-obligatoria-camiones-2026\/","name":"\u00bfSer\u00e1 obligatoria la baliza V16 en camiones en 2026?","isPartOf":{"@id":"https:\/\/www.tadig.es\/blog\/#website"},"primaryImageOfPage":{"@id":"https:\/\/www.tadig.es\/blog\/baliza-v16-obligatoria-camiones-2026\/#primaryimage"},"image":{"@id":"https:\/\/www.tadig.es\/blog\/baliza-v16-obligatoria-camiones-2026\/#primaryimage"},"thumbnailUrl":"https:\/\/www.tadig.es\/blog\/wp-content\/uploads\/2025\/11\/baliza-V16-camiones-2026.png","datePublished":"2025-11-24T08:57:50+00:00","dateModified":"2025-11-24T08:57:52+00:00","description":"La baliza V16 conectada ser\u00e1 obligatoria en 2026 tambi\u00e9n para camiones. Descubre qu\u00e9 exige la normativa y c\u00f3mo preparar tu flota.","breadcrumb":{"@id":"https:\/\/www.tadig.es\/blog\/baliza-v16-obligatoria-camiones-2026\/#breadcrumb"},"inLanguage":"es","potentialAction":[{"@type":"ReadAction","target":["https:\/\/www.tadig.es\/blog\/baliza-v16-obligatoria-camiones-2026\/"]}]},{"@type":"ImageObject","inLanguage":"es","@id":"https:\/\/www.tadig.es\/blog\/baliza-v16-obligatoria-camiones-2026\/#primaryimage","url":"https:\/\/www.tadig.es\/blog\/wp-content\/uploads\/2025\/11\/baliza-V16-camiones-2026.png","contentUrl":"https:\/\/www.tadig.es\/blog\/wp-content\/uploads\/2025\/11\/baliza-V16-camiones-2026.png","width":1920,"height":500,"caption":"baliza V16 camiones 2026"},{"@type":"BreadcrumbList","@id":"https:\/\/www.tadig.es\/blog\/baliza-v16-obligatoria-camiones-2026\/#breadcrumb","itemListElement":[{"@type":"ListItem","position":1,"name":"Blog","item":"https:\/\/www.tadig.es\/blog\/"},{"@type":"ListItem","position":2,"name":"\u00bfSer\u00e1 obligatoria la baliza V16 en camiones a partir de 2026?"}]},{"@type":"WebSite","@id":"https:\/\/www.tadig.es\/blog\/#website","url":"https:\/\/www.tadig.es\/blog\/","name":"TADIG | Blog","description":"Todo lo que necesitas saber sobre el tac\u00f3grafo digital.","publisher":{"@id":"https:\/\/www.tadig.es\/blog\/#organization"},"potentialAction":[{"@type":"SearchAction","target":{"@type":"EntryPoint","urlTemplate":"https:\/\/www.tadig.es\/blog\/?s={search_term_string}"},"query-input":{"@type":"PropertyValueSpecification","valueRequired":true,"valueName":"search_term_string"}}],"inLanguage":"es"},{"@type":"Organization","@id":"https:\/\/www.tadig.es\/blog\/#organization","name":"TADIG","url":"https:\/\/www.tadig.es\/blog\/","logo":{"@type":"ImageObject","inLanguage":"es","@id":"https:\/\/www.tadig.es\/blog\/#\/schema\/logo\/image\/","url":"https:\/\/www.tadig.es\/blog\/wp-content\/uploads\/2019\/06\/logo-tadig-1.png","contentUrl":"https:\/\/www.tadig.es\/blog\/wp-content\/uploads\/2019\/06\/logo-tadig-1.png","width":96,"height":50,"caption":"TADIG"},"image":{"@id":"https:\/\/www.tadig.es\/blog\/#\/schema\/logo\/image\/"},"sameAs":["https:\/\/x.com\/tacografo_Tadig"]},{"@type":"Person","@id":"https:\/\/www.tadig.es\/blog\/#\/schema\/person\/56aa244a83a32555b1c320c07d46902d","name":"Mar\u00eda de TADIG","image":{"@type":"ImageObject","inLanguage":"es","@id":"https:\/\/www.tadig.es\/blog\/#\/schema\/person\/image\/","url":"https:\/\/secure.gravatar.com\/avatar\/aee8a465a4d451372dfb3111f1a9a7110c5a5eb27b731b46306db5b1fb2769cd?s=96&d=mm&r=g","contentUrl":"https:\/\/secure.gravatar.com\/avatar\/aee8a465a4d451372dfb3111f1a9a7110c5a5eb27b731b46306db5b1fb2769cd?s=96&d=mm&r=g","caption":"Mar\u00eda de TADIG"}}]}},"_links":{"self":[{"href":"https:\/\/www.tadig.es\/blog\/wp-json\/wp\/v2\/posts\/6359","targetHints":{"allow":["GET"]}}],"collection":[{"href":"https:\/\/www.tadig.es\/blog\/wp-json\/wp\/v2\/posts"}],"about":[{"href":"https:\/\/www.tadig.es\/blog\/wp-json\/wp\/v2\/types\/post"}],"author":[{"embeddable":true,"href":"https:\/\/www.tadig.es\/blog\/wp-json\/wp\/v2\/users\/5"}],"replies":[{"embeddable":true,"href":"https:\/\/www.tadig.es\/blog\/wp-json\/wp\/v2\/comments?post=6359"}],"version-history":[{"count":1,"href":"https:\/\/www.tadig.es\/blog\/wp-json\/wp\/v2\/posts\/6359\/revisions"}],"predecessor-version":[{"id":6360,"href":"https:\/\/www.tadig.es\/blog\/wp-json\/wp\/v2\/posts\/6359\/revisions\/6360"}],"wp:featuredmedia":[{"embeddable":true,"href":"https:\/\/www.tadig.es\/blog\/wp-json\/wp\/v2\/media\/6361"}],"wp:attachment":[{"href":"https:\/\/www.tadig.es\/blog\/wp-json\/wp\/v2\/media?parent=6359"}],"wp:term":[{"taxonomy":"category","embeddable":true,"href":"https:\/\/www.tadig.es\/blog\/wp-json\/wp\/v2\/categories?post=6359"},{"taxonomy":"post_tag","embeddable":true,"href":"https:\/\/www.tadig.es\/blog\/wp-json\/wp\/v2\/tags?post=6359"}],"curies":[{"name":"wp","href":"https:\/\/api.w.org\/{rel}","templated":true}]}}