



{"id":6352,"date":"2025-11-10T09:00:00","date_gmt":"2025-11-10T08:00:00","guid":{"rendered":"https:\/\/www.tadig.es\/blog\/?p=6352"},"modified":"2025-11-07T10:05:06","modified_gmt":"2025-11-07T09:05:06","slug":"responsabilidad-infracciones-tacografo","status":"publish","type":"post","link":"https:\/\/www.tadig.es\/blog\/responsabilidad-infracciones-tacografo\/","title":{"rendered":"\u00bfQui\u00e9n es responsable de una infracci\u00f3n del tac\u00f3grafo: la empresa o el conductor?"},"content":{"rendered":"\n<p>En la gesti\u00f3n diaria de una empresa de transporte, los errores o infracciones relacionadas con el tac\u00f3grafo digital pueden ser m\u00e1s habituales de lo que parece.<\/p>\n\n\n\n<p>Pero cuando llega una notificaci\u00f3n de sanci\u00f3n, surge una duda com\u00fan: <strong>\u00bfa qui\u00e9n corresponde la responsabilidad? \u00bfAl conductor que comete el error o a la empresa titular del veh\u00edculo?<\/strong><\/p>\n\n\n\n<p>En este art\u00edculo abordamos esta cuesti\u00f3n clave, que genera confusi\u00f3n y conflicto en muchas ocasiones, explicando <strong>c\u00f3mo se distribuye la responsabilidad legal<\/strong> y qu\u00e9 puedes hacer para evitar sanciones innecesarias.<\/p>\n\n\n\n<h2 class=\"wp-block-heading\"><strong>El tac\u00f3grafo: una herramienta bajo vigilancia<\/strong><\/h2>\n\n\n\n<p>El tac\u00f3grafo digital registra datos sensibles: tiempos de conducci\u00f3n y descanso, velocidad, ubicaci\u00f3n\u2026<\/p>\n\n\n\n<p>Es una herramienta de control, pero tambi\u00e9n de protecci\u00f3n legal. Sin embargo, <strong>una mala gesti\u00f3n o el simple olvido de un conductor puede tener consecuencias para la empresa<\/strong>.<\/p>\n\n\n\n<p>Imagina este caso: un conductor olvida registrar el tiempo de \u201cotros trabajos\u201d mientras realiza una descarga. \u00bfEs culpa suya por no marcar correctamente la actividad? \u00bfO es responsabilidad de la empresa que no lo ha formado o supervisado?<\/p>\n\n\n\n<h2 class=\"wp-block-heading\"><strong>Lo que dice la normativa<\/strong><\/h2>\n\n\n\n<p>La legislaci\u00f3n distingue entre distintos niveles de responsabilidad. <a href=\"https:\/\/www.boe.es\/buscar\/doc.php?id=DOUE-L-2006-80632\">Seg\u00fan el Reglamento (CE) n\u00ba 561\/2006<\/a> y <a href=\"https:\/\/www.boe.es\/buscar\/act.php?id=BOE-A-1987-17803\">la Ley de Ordenaci\u00f3n de los Transportes Terrestres (LOTT)<\/a>, <strong>la empresa y el conductor pueden ser responsables solidarios o independientes, dependiendo de la infracci\u00f3n cometida<\/strong>.<\/p>\n\n\n\n<ul class=\"wp-block-list\">\n<li><strong>Responsabilidad del conductor:<\/strong> cuando la infracci\u00f3n se produce por una acci\u00f3n individual, como no insertar la tarjeta, manipular el modo de actividad o exceder los tiempos de conducci\u00f3n sin justificaci\u00f3n.<\/li>\n\n\n\n<li><strong>Responsabilidad de la empresa:<\/strong> cuando no hay control sobre la descarga de datos, no se realizan las formaciones necesarias, se imponen turnos que impiden cumplir los descansos o se incentiva indirectamente el incumplimiento.<\/li>\n<\/ul>\n\n\n\n<p>En muchos casos, <strong>la responsabilidad es compartida<\/strong>, y eso puede derivar en sanciones tanto econ\u00f3micas como administrativas para ambas partes.<\/p>\n\n\n\n<h2 class=\"wp-block-heading\"><strong>\u00bfQu\u00e9 hacer si llega una sanci\u00f3n?<\/strong><\/h2>\n\n\n\n<p>Cuando llega una notificaci\u00f3n de infracci\u00f3n relacionada con el tac\u00f3grafo, lo primero es <strong>analizar el motivo exacto<\/strong>. \u00bfSe trata de un error humano, de una mala configuraci\u00f3n del sistema o de una omisi\u00f3n por parte del conductor?<\/p>\n\n\n\n<p>Si se puede demostrar que la empresa ha puesto todos los medios para el cumplimiento normativo, formaci\u00f3n, planificaci\u00f3n adecuada, sistema de control, puede <strong>eximirse parcial o totalmente de la responsabilidad<\/strong>.<\/p>\n\n\n\n<p>Por el contrario, si se demuestra dejadez o descontrol por parte del empleador, incluso una infracci\u00f3n leve puede convertirse en una <strong>multa grave para la empresa<\/strong>.<\/p>\n\n\n\n<h2 class=\"wp-block-heading\"><strong>\u00bfC\u00f3mo te ayuda Tadig a evitar estos conflictos?<\/strong><\/h2>\n\n\n\n<p>En TADIG conocemos de primera mano estos casos. Por eso, hemos dise\u00f1ado una plataforma que <strong>previene antes que corrige<\/strong>:<\/p>\n\n\n\n<ul class=\"wp-block-list\">\n<li><strong>Alertas de infracciones en tiempo real<\/strong>, para actuar antes de que se cometan.<\/li>\n\n\n\n<li><strong>Historial completo y trazable de actividades<\/strong>, por conductor y por veh\u00edculo.<\/li>\n\n\n\n<li><strong>Control de descargas peri\u00f3dicas y cumplimiento de plazos.<\/strong><\/li>\n\n\n\n<li><strong>Sistema DDS (Decision Driver Support)<\/strong> para saber exactamente cu\u00e1nto tiempo disponible tiene cada conductor, evitando errores operativos.<\/li>\n\n\n\n<li><strong>Informes claros para documentar formaci\u00f3n, planificaci\u00f3n y medidas preventivas.<\/strong><\/li>\n<\/ul>\n\n\n\n<p>Una empresa que utiliza Tadig puede demostrar con datos su compromiso con el cumplimiento, lo que <strong>marca la diferencia ante cualquier procedimiento sancionador<\/strong>.<\/p>\n\n\n\n<h2 class=\"wp-block-heading\"><strong>Casos reales: evitar conflictos antes de que ocurran<\/strong><\/h2>\n\n\n\n<p>Uno de nuestros clientes, una empresa de transporte de distribuci\u00f3n urbana con 30 veh\u00edculos, logr\u00f3 <strong>reducir un 42% las notificaciones de infracci\u00f3n en menos de seis meses<\/strong>.<\/p>\n\n\n\n<p>\u00bfLa clave? Supervisi\u00f3n activa, formaci\u00f3n basada en datos y uso efectivo del m\u00f3dulo de control de jornada y planificaci\u00f3n de TADIG.<\/p>\n\n\n\n<h2 class=\"wp-block-heading\"><strong>Conclusi\u00f3n<\/strong><\/h2>\n\n\n\n<p>Cuando se trata de tac\u00f3grafo digital, la responsabilidad no siempre es clara\u2026 hasta que llega la sanci\u00f3n. Tanto el conductor como la empresa tienen obligaciones, y solo una <strong>gesti\u00f3n preventiva e inteligente<\/strong> puede evitar consecuencias legales y econ\u00f3micas.<\/p>\n\n\n\n<p>Si gestionas una flota, necesitas m\u00e1s que hojas de c\u00e1lculo: necesitas herramientas que te respalden y que respalden a tus conductores.<\/p>\n\n\n\n<p>Descubre c\u00f3mo en <a href=\"https:\/\/www.tadig.es\">www.tadig.es<\/a><\/p>\n","protected":false},"excerpt":{"rendered":"<p>En la gesti\u00f3n diaria de una empresa de transporte, los errores o infracciones relacionadas con el tac\u00f3grafo digital pueden ser m\u00e1s habituales de lo que parece. Pero cuando llega una notificaci\u00f3n de sanci\u00f3n, surge una duda com\u00fan: \u00bfa qui\u00e9n corresponde la responsabilidad? \u00bfAl conductor que comete el error o a la empresa titular del veh\u00edculo?&hellip;&nbsp;<\/p>\n<div class=\"read-more-wrapper\"><a href=\"https:\/\/www.tadig.es\/blog\/responsabilidad-infracciones-tacografo\/\" class=\"button button-primary\" rel=\"bookmark\">Seguir leyendo \u00bb<span class=\"screen-reader-text\">\u00bfQui\u00e9n es responsable de una infracci\u00f3n del tac\u00f3grafo: la empresa o el conductor?<\/span><\/a><\/div>\n","protected":false},"author":5,"featured_media":6353,"comment_status":"open","ping_status":"closed","sticky":false,"template":"","format":"standard","meta":{"neve_meta_sidebar":"","neve_meta_container":"","neve_meta_enable_content_width":"","neve_meta_content_width":0,"neve_meta_title_alignment":"","neve_meta_author_avatar":"","neve_post_elements_order":"","neve_meta_disable_header":"","neve_meta_disable_footer":"","neve_meta_disable_title":"","neve_meta_reading_time":"","footnotes":""},"categories":[4],"tags":[],"class_list":["post-6352","post","type-post","status-publish","format-standard","has-post-thumbnail","hentry","category-administrativo"],"yoast_head":"<!-- This site is optimized with the Yoast SEO plugin v27.1.1 - https:\/\/yoast.com\/product\/yoast-seo-wordpress\/ -->\n<title>\u00bfInfracci\u00f3n del tac\u00f3grafo? \u00bfEmpresa o conductor?<\/title>\n<meta name=\"description\" content=\"Cuando salta una infracci\u00f3n del tac\u00f3grafo, \u00bfqui\u00e9n tiene la culpa? Descubre qu\u00e9 dice la normativa sobre las responsabilidades.\" \/>\n<meta name=\"robots\" content=\"index, follow, max-snippet:-1, max-image-preview:large, max-video-preview:-1\" \/>\n<link rel=\"canonical\" href=\"https:\/\/www.tadig.es\/blog\/responsabilidad-infracciones-tacografo\/\" \/>\n<meta property=\"og:locale\" content=\"es_ES\" \/>\n<meta property=\"og:type\" content=\"article\" \/>\n<meta property=\"og:title\" content=\"\u00bfInfracci\u00f3n del tac\u00f3grafo? \u00bfEmpresa o conductor?\" \/>\n<meta property=\"og:description\" content=\"Cuando salta una infracci\u00f3n del tac\u00f3grafo, \u00bfqui\u00e9n tiene la culpa? Descubre qu\u00e9 dice la normativa sobre las responsabilidades.\" \/>\n<meta property=\"og:url\" content=\"https:\/\/www.tadig.es\/blog\/responsabilidad-infracciones-tacografo\/\" \/>\n<meta property=\"og:site_name\" content=\"TADIG | Blog\" \/>\n<meta property=\"article:published_time\" content=\"2025-11-10T08:00:00+00:00\" \/>\n<meta property=\"og:image\" content=\"https:\/\/www.tadig.es\/blog\/wp-content\/uploads\/2025\/11\/\u00bfQuien-es-responsable-de-una-infraccion-del-tacografo-la-empresa-o-el-conductor.png\" \/>\n\t<meta property=\"og:image:width\" content=\"1920\" \/>\n\t<meta property=\"og:image:height\" content=\"500\" \/>\n\t<meta property=\"og:image:type\" content=\"image\/png\" \/>\n<meta name=\"author\" content=\"Mar\u00eda de TADIG\" \/>\n<meta name=\"twitter:card\" content=\"summary_large_image\" \/>\n<meta name=\"twitter:creator\" content=\"@tacografo_Tadig\" \/>\n<meta name=\"twitter:site\" content=\"@tacografo_Tadig\" \/>\n<meta name=\"twitter:label1\" content=\"Escrito por\" \/>\n\t<meta name=\"twitter:data1\" content=\"Mar\u00eda de TADIG\" \/>\n\t<meta name=\"twitter:label2\" content=\"Tiempo de lectura\" \/>\n\t<meta name=\"twitter:data2\" content=\"4 minutos\" \/>\n<script type=\"application\/ld+json\" class=\"yoast-schema-graph\">{\"@context\":\"https:\/\/schema.org\",\"@graph\":[{\"@type\":\"Article\",\"@id\":\"https:\/\/www.tadig.es\/blog\/responsabilidad-infracciones-tacografo\/#article\",\"isPartOf\":{\"@id\":\"https:\/\/www.tadig.es\/blog\/responsabilidad-infracciones-tacografo\/\"},\"author\":{\"name\":\"Mar\u00eda de TADIG\",\"@id\":\"https:\/\/www.tadig.es\/blog\/#\/schema\/person\/56aa244a83a32555b1c320c07d46902d\"},\"headline\":\"\u00bfQui\u00e9n es responsable de una infracci\u00f3n del tac\u00f3grafo: la empresa o el conductor?\",\"datePublished\":\"2025-11-10T08:00:00+00:00\",\"mainEntityOfPage\":{\"@id\":\"https:\/\/www.tadig.es\/blog\/responsabilidad-infracciones-tacografo\/\"},\"wordCount\":699,\"commentCount\":0,\"publisher\":{\"@id\":\"https:\/\/www.tadig.es\/blog\/#organization\"},\"image\":{\"@id\":\"https:\/\/www.tadig.es\/blog\/responsabilidad-infracciones-tacografo\/#primaryimage\"},\"thumbnailUrl\":\"https:\/\/www.tadig.es\/blog\/wp-content\/uploads\/2025\/11\/\u00bfQuien-es-responsable-de-una-infraccion-del-tacografo-la-empresa-o-el-conductor.png\",\"articleSection\":[\"Apoyo administrativo\"],\"inLanguage\":\"es\",\"potentialAction\":[{\"@type\":\"CommentAction\",\"name\":\"Comment\",\"target\":[\"https:\/\/www.tadig.es\/blog\/responsabilidad-infracciones-tacografo\/#respond\"]}]},{\"@type\":\"WebPage\",\"@id\":\"https:\/\/www.tadig.es\/blog\/responsabilidad-infracciones-tacografo\/\",\"url\":\"https:\/\/www.tadig.es\/blog\/responsabilidad-infracciones-tacografo\/\",\"name\":\"\u00bfInfracci\u00f3n del tac\u00f3grafo? \u00bfEmpresa o conductor?\",\"isPartOf\":{\"@id\":\"https:\/\/www.tadig.es\/blog\/#website\"},\"primaryImageOfPage\":{\"@id\":\"https:\/\/www.tadig.es\/blog\/responsabilidad-infracciones-tacografo\/#primaryimage\"},\"image\":{\"@id\":\"https:\/\/www.tadig.es\/blog\/responsabilidad-infracciones-tacografo\/#primaryimage\"},\"thumbnailUrl\":\"https:\/\/www.tadig.es\/blog\/wp-content\/uploads\/2025\/11\/\u00bfQuien-es-responsable-de-una-infraccion-del-tacografo-la-empresa-o-el-conductor.png\",\"datePublished\":\"2025-11-10T08:00:00+00:00\",\"description\":\"Cuando salta una infracci\u00f3n del tac\u00f3grafo, \u00bfqui\u00e9n tiene la culpa? Descubre qu\u00e9 dice la normativa sobre las responsabilidades.\",\"breadcrumb\":{\"@id\":\"https:\/\/www.tadig.es\/blog\/responsabilidad-infracciones-tacografo\/#breadcrumb\"},\"inLanguage\":\"es\",\"potentialAction\":[{\"@type\":\"ReadAction\",\"target\":[\"https:\/\/www.tadig.es\/blog\/responsabilidad-infracciones-tacografo\/\"]}]},{\"@type\":\"ImageObject\",\"inLanguage\":\"es\",\"@id\":\"https:\/\/www.tadig.es\/blog\/responsabilidad-infracciones-tacografo\/#primaryimage\",\"url\":\"https:\/\/www.tadig.es\/blog\/wp-content\/uploads\/2025\/11\/\u00bfQuien-es-responsable-de-una-infraccion-del-tacografo-la-empresa-o-el-conductor.png\",\"contentUrl\":\"https:\/\/www.tadig.es\/blog\/wp-content\/uploads\/2025\/11\/\u00bfQuien-es-responsable-de-una-infraccion-del-tacografo-la-empresa-o-el-conductor.png\",\"width\":1920,\"height\":500,\"caption\":\"\u00bfQui\u00e9n es responsable de una infracci\u00f3n del tac\u00f3grafo la empresa o el conductor\"},{\"@type\":\"BreadcrumbList\",\"@id\":\"https:\/\/www.tadig.es\/blog\/responsabilidad-infracciones-tacografo\/#breadcrumb\",\"itemListElement\":[{\"@type\":\"ListItem\",\"position\":1,\"name\":\"Blog\",\"item\":\"https:\/\/www.tadig.es\/blog\/\"},{\"@type\":\"ListItem\",\"position\":2,\"name\":\"\u00bfQui\u00e9n es responsable de una infracci\u00f3n del tac\u00f3grafo: la empresa o el conductor?\"}]},{\"@type\":\"WebSite\",\"@id\":\"https:\/\/www.tadig.es\/blog\/#website\",\"url\":\"https:\/\/www.tadig.es\/blog\/\",\"name\":\"TADIG | Blog\",\"description\":\"Todo lo que necesitas saber sobre el tac\u00f3grafo digital.\",\"publisher\":{\"@id\":\"https:\/\/www.tadig.es\/blog\/#organization\"},\"potentialAction\":[{\"@type\":\"SearchAction\",\"target\":{\"@type\":\"EntryPoint\",\"urlTemplate\":\"https:\/\/www.tadig.es\/blog\/?s={search_term_string}\"},\"query-input\":{\"@type\":\"PropertyValueSpecification\",\"valueRequired\":true,\"valueName\":\"search_term_string\"}}],\"inLanguage\":\"es\"},{\"@type\":\"Organization\",\"@id\":\"https:\/\/www.tadig.es\/blog\/#organization\",\"name\":\"TADIG\",\"url\":\"https:\/\/www.tadig.es\/blog\/\",\"logo\":{\"@type\":\"ImageObject\",\"inLanguage\":\"es\",\"@id\":\"https:\/\/www.tadig.es\/blog\/#\/schema\/logo\/image\/\",\"url\":\"https:\/\/www.tadig.es\/blog\/wp-content\/uploads\/2019\/06\/logo-tadig-1.png\",\"contentUrl\":\"https:\/\/www.tadig.es\/blog\/wp-content\/uploads\/2019\/06\/logo-tadig-1.png\",\"width\":96,\"height\":50,\"caption\":\"TADIG\"},\"image\":{\"@id\":\"https:\/\/www.tadig.es\/blog\/#\/schema\/logo\/image\/\"},\"sameAs\":[\"https:\/\/x.com\/tacografo_Tadig\"]},{\"@type\":\"Person\",\"@id\":\"https:\/\/www.tadig.es\/blog\/#\/schema\/person\/56aa244a83a32555b1c320c07d46902d\",\"name\":\"Mar\u00eda de TADIG\",\"image\":{\"@type\":\"ImageObject\",\"inLanguage\":\"es\",\"@id\":\"https:\/\/www.tadig.es\/blog\/#\/schema\/person\/image\/\",\"url\":\"https:\/\/secure.gravatar.com\/avatar\/aee8a465a4d451372dfb3111f1a9a7110c5a5eb27b731b46306db5b1fb2769cd?s=96&d=mm&r=g\",\"contentUrl\":\"https:\/\/secure.gravatar.com\/avatar\/aee8a465a4d451372dfb3111f1a9a7110c5a5eb27b731b46306db5b1fb2769cd?s=96&d=mm&r=g\",\"caption\":\"Mar\u00eda de TADIG\"}}]}<\/script>\n<!-- \/ Yoast SEO plugin. -->","yoast_head_json":{"title":"\u00bfInfracci\u00f3n del tac\u00f3grafo? \u00bfEmpresa o conductor?","description":"Cuando salta una infracci\u00f3n del tac\u00f3grafo, \u00bfqui\u00e9n tiene la culpa? Descubre qu\u00e9 dice la normativa sobre las responsabilidades.","robots":{"index":"index","follow":"follow","max-snippet":"max-snippet:-1","max-image-preview":"max-image-preview:large","max-video-preview":"max-video-preview:-1"},"canonical":"https:\/\/www.tadig.es\/blog\/responsabilidad-infracciones-tacografo\/","og_locale":"es_ES","og_type":"article","og_title":"\u00bfInfracci\u00f3n del tac\u00f3grafo? \u00bfEmpresa o conductor?","og_description":"Cuando salta una infracci\u00f3n del tac\u00f3grafo, \u00bfqui\u00e9n tiene la culpa? Descubre qu\u00e9 dice la normativa sobre las responsabilidades.","og_url":"https:\/\/www.tadig.es\/blog\/responsabilidad-infracciones-tacografo\/","og_site_name":"TADIG | Blog","article_published_time":"2025-11-10T08:00:00+00:00","og_image":[{"width":1920,"height":500,"url":"https:\/\/www.tadig.es\/blog\/wp-content\/uploads\/2025\/11\/\u00bfQuien-es-responsable-de-una-infraccion-del-tacografo-la-empresa-o-el-conductor.png","type":"image\/png"}],"author":"Mar\u00eda de TADIG","twitter_card":"summary_large_image","twitter_creator":"@tacografo_Tadig","twitter_site":"@tacografo_Tadig","twitter_misc":{"Escrito por":"Mar\u00eda de TADIG","Tiempo de lectura":"4 minutos"},"schema":{"@context":"https:\/\/schema.org","@graph":[{"@type":"Article","@id":"https:\/\/www.tadig.es\/blog\/responsabilidad-infracciones-tacografo\/#article","isPartOf":{"@id":"https:\/\/www.tadig.es\/blog\/responsabilidad-infracciones-tacografo\/"},"author":{"name":"Mar\u00eda de TADIG","@id":"https:\/\/www.tadig.es\/blog\/#\/schema\/person\/56aa244a83a32555b1c320c07d46902d"},"headline":"\u00bfQui\u00e9n es responsable de una infracci\u00f3n del tac\u00f3grafo: la empresa o el conductor?","datePublished":"2025-11-10T08:00:00+00:00","mainEntityOfPage":{"@id":"https:\/\/www.tadig.es\/blog\/responsabilidad-infracciones-tacografo\/"},"wordCount":699,"commentCount":0,"publisher":{"@id":"https:\/\/www.tadig.es\/blog\/#organization"},"image":{"@id":"https:\/\/www.tadig.es\/blog\/responsabilidad-infracciones-tacografo\/#primaryimage"},"thumbnailUrl":"https:\/\/www.tadig.es\/blog\/wp-content\/uploads\/2025\/11\/\u00bfQuien-es-responsable-de-una-infraccion-del-tacografo-la-empresa-o-el-conductor.png","articleSection":["Apoyo administrativo"],"inLanguage":"es","potentialAction":[{"@type":"CommentAction","name":"Comment","target":["https:\/\/www.tadig.es\/blog\/responsabilidad-infracciones-tacografo\/#respond"]}]},{"@type":"WebPage","@id":"https:\/\/www.tadig.es\/blog\/responsabilidad-infracciones-tacografo\/","url":"https:\/\/www.tadig.es\/blog\/responsabilidad-infracciones-tacografo\/","name":"\u00bfInfracci\u00f3n del tac\u00f3grafo? \u00bfEmpresa o conductor?","isPartOf":{"@id":"https:\/\/www.tadig.es\/blog\/#website"},"primaryImageOfPage":{"@id":"https:\/\/www.tadig.es\/blog\/responsabilidad-infracciones-tacografo\/#primaryimage"},"image":{"@id":"https:\/\/www.tadig.es\/blog\/responsabilidad-infracciones-tacografo\/#primaryimage"},"thumbnailUrl":"https:\/\/www.tadig.es\/blog\/wp-content\/uploads\/2025\/11\/\u00bfQuien-es-responsable-de-una-infraccion-del-tacografo-la-empresa-o-el-conductor.png","datePublished":"2025-11-10T08:00:00+00:00","description":"Cuando salta una infracci\u00f3n del tac\u00f3grafo, \u00bfqui\u00e9n tiene la culpa? Descubre qu\u00e9 dice la normativa sobre las responsabilidades.","breadcrumb":{"@id":"https:\/\/www.tadig.es\/blog\/responsabilidad-infracciones-tacografo\/#breadcrumb"},"inLanguage":"es","potentialAction":[{"@type":"ReadAction","target":["https:\/\/www.tadig.es\/blog\/responsabilidad-infracciones-tacografo\/"]}]},{"@type":"ImageObject","inLanguage":"es","@id":"https:\/\/www.tadig.es\/blog\/responsabilidad-infracciones-tacografo\/#primaryimage","url":"https:\/\/www.tadig.es\/blog\/wp-content\/uploads\/2025\/11\/\u00bfQuien-es-responsable-de-una-infraccion-del-tacografo-la-empresa-o-el-conductor.png","contentUrl":"https:\/\/www.tadig.es\/blog\/wp-content\/uploads\/2025\/11\/\u00bfQuien-es-responsable-de-una-infraccion-del-tacografo-la-empresa-o-el-conductor.png","width":1920,"height":500,"caption":"\u00bfQui\u00e9n es responsable de una infracci\u00f3n del tac\u00f3grafo la empresa o el conductor"},{"@type":"BreadcrumbList","@id":"https:\/\/www.tadig.es\/blog\/responsabilidad-infracciones-tacografo\/#breadcrumb","itemListElement":[{"@type":"ListItem","position":1,"name":"Blog","item":"https:\/\/www.tadig.es\/blog\/"},{"@type":"ListItem","position":2,"name":"\u00bfQui\u00e9n es responsable de una infracci\u00f3n del tac\u00f3grafo: la empresa o el conductor?"}]},{"@type":"WebSite","@id":"https:\/\/www.tadig.es\/blog\/#website","url":"https:\/\/www.tadig.es\/blog\/","name":"TADIG | Blog","description":"Todo lo que necesitas saber sobre el tac\u00f3grafo digital.","publisher":{"@id":"https:\/\/www.tadig.es\/blog\/#organization"},"potentialAction":[{"@type":"SearchAction","target":{"@type":"EntryPoint","urlTemplate":"https:\/\/www.tadig.es\/blog\/?s={search_term_string}"},"query-input":{"@type":"PropertyValueSpecification","valueRequired":true,"valueName":"search_term_string"}}],"inLanguage":"es"},{"@type":"Organization","@id":"https:\/\/www.tadig.es\/blog\/#organization","name":"TADIG","url":"https:\/\/www.tadig.es\/blog\/","logo":{"@type":"ImageObject","inLanguage":"es","@id":"https:\/\/www.tadig.es\/blog\/#\/schema\/logo\/image\/","url":"https:\/\/www.tadig.es\/blog\/wp-content\/uploads\/2019\/06\/logo-tadig-1.png","contentUrl":"https:\/\/www.tadig.es\/blog\/wp-content\/uploads\/2019\/06\/logo-tadig-1.png","width":96,"height":50,"caption":"TADIG"},"image":{"@id":"https:\/\/www.tadig.es\/blog\/#\/schema\/logo\/image\/"},"sameAs":["https:\/\/x.com\/tacografo_Tadig"]},{"@type":"Person","@id":"https:\/\/www.tadig.es\/blog\/#\/schema\/person\/56aa244a83a32555b1c320c07d46902d","name":"Mar\u00eda de TADIG","image":{"@type":"ImageObject","inLanguage":"es","@id":"https:\/\/www.tadig.es\/blog\/#\/schema\/person\/image\/","url":"https:\/\/secure.gravatar.com\/avatar\/aee8a465a4d451372dfb3111f1a9a7110c5a5eb27b731b46306db5b1fb2769cd?s=96&d=mm&r=g","contentUrl":"https:\/\/secure.gravatar.com\/avatar\/aee8a465a4d451372dfb3111f1a9a7110c5a5eb27b731b46306db5b1fb2769cd?s=96&d=mm&r=g","caption":"Mar\u00eda de TADIG"}}]}},"_links":{"self":[{"href":"https:\/\/www.tadig.es\/blog\/wp-json\/wp\/v2\/posts\/6352","targetHints":{"allow":["GET"]}}],"collection":[{"href":"https:\/\/www.tadig.es\/blog\/wp-json\/wp\/v2\/posts"}],"about":[{"href":"https:\/\/www.tadig.es\/blog\/wp-json\/wp\/v2\/types\/post"}],"author":[{"embeddable":true,"href":"https:\/\/www.tadig.es\/blog\/wp-json\/wp\/v2\/users\/5"}],"replies":[{"embeddable":true,"href":"https:\/\/www.tadig.es\/blog\/wp-json\/wp\/v2\/comments?post=6352"}],"version-history":[{"count":1,"href":"https:\/\/www.tadig.es\/blog\/wp-json\/wp\/v2\/posts\/6352\/revisions"}],"predecessor-version":[{"id":6354,"href":"https:\/\/www.tadig.es\/blog\/wp-json\/wp\/v2\/posts\/6352\/revisions\/6354"}],"wp:featuredmedia":[{"embeddable":true,"href":"https:\/\/www.tadig.es\/blog\/wp-json\/wp\/v2\/media\/6353"}],"wp:attachment":[{"href":"https:\/\/www.tadig.es\/blog\/wp-json\/wp\/v2\/media?parent=6352"}],"wp:term":[{"taxonomy":"category","embeddable":true,"href":"https:\/\/www.tadig.es\/blog\/wp-json\/wp\/v2\/categories?post=6352"},{"taxonomy":"post_tag","embeddable":true,"href":"https:\/\/www.tadig.es\/blog\/wp-json\/wp\/v2\/tags?post=6352"}],"curies":[{"name":"wp","href":"https:\/\/api.w.org\/{rel}","templated":true}]}}