



{"id":5532,"date":"2023-07-03T09:00:00","date_gmt":"2023-07-03T07:00:00","guid":{"rendered":"https:\/\/www.tadig.es\/blog\/?p=5532"},"modified":"2023-07-03T11:15:31","modified_gmt":"2023-07-03T09:15:31","slug":"dev-vehiculos-flota","status":"publish","type":"post","link":"https:\/\/www.tadig.es\/blog\/dev-vehiculos-flota\/","title":{"rendered":"DEV qu\u00e9 es y c\u00f3mo afecta a tu flota de veh\u00edculos"},"content":{"rendered":"\n<p>La direcci\u00f3n general de tr\u00e1fico (DGT) con la meta de ser m\u00e1s digital y acelerar la comunicaci\u00f3n las empresas de transporte, pone en marcha DEV, Direcci\u00f3n Electr\u00f3nica Vial para Empresas.<\/p>\n\n\n\n<h2 class=\"wp-block-heading\">\u00bfQu\u00e9 es DEV?<\/h2>\n\n\n\n<p>La direcci\u00f3n electr\u00f3nica vial es un sistema de notificaciones exclusiva de la direcci\u00f3n general de tr\u00e1fico que se puso en marcha el 1 de noviembre de 2022. A trav\u00e9s de este sistema la DGT dejar\u00e1 de enviar notificaciones en papel y as\u00ed tener una comunicaci\u00f3n m\u00e1s fluida con el empresario.<\/p>\n\n\n\n<p>El alta en DEV es voluntaria para las personas f\u00edsicas, pero obligatoria para las personas jur\u00eddicas, por ello hay mucha poblaci\u00f3n que ya ha recibido la notificaci\u00f3n en papel para comenzar a usar este sistema. Si es su caso, recomendamos se de el alta lo antes posible.<\/p>\n\n\n\n<h2 class=\"wp-block-heading\">\u00bfC\u00f3mo funciona DEV?<\/h2>\n\n\n\n<p>Para darse de alta en DEV deber\u00e1s tener:<\/p>\n\n\n\n<ul class=\"wp-block-list\">\n<li>Certificado digital en vigor.<\/li>\n\n\n\n<li>Correo electr\u00f3nico operativo.<\/li>\n\n\n\n<li>N\u00famero de tel\u00e9fono m\u00f3vil, donde recibir los avisos que la DGT te enviar\u00e1.<\/li>\n<\/ul>\n\n\n\n<p>Las notificaciones consistir\u00e1n principalmente en avisos de multas o sanciones, por ello es tan importante el uso de un correo electr\u00f3nico y un n\u00famero de tel\u00e9fono m\u00f3vil operativo, para recibir y gestionar de forma r\u00e1pida todos tus mensajes.<\/p>\n\n\n\n<h2 class=\"wp-block-heading\">\u00bfC\u00f3mo me doy de alta en DEV?<\/h2>\n\n\n\n<p>Es muy sencillo, pinchando en este enlace y seguir los pasos que se indican:<\/p>\n\n\n\n<p>\u2192 <a href=\"https:\/\/sedeapl.dgt.gob.es:9443\/WEB_NTRA_CONSULTA\/suscripcionNostraIdiomaPostback.faces?idioma=es\">Darse de alta en DEV<\/a><\/p>\n\n\n\n<h2 class=\"wp-block-heading\">\u00bfC\u00f3mo afecta DEV a mi empresa de transportes?<\/h2>\n\n\n\n<p>Como hemos mencionado DEV es obligatorio para las personas jur\u00eddicas, eso incluye todos aquellos titulares que tienen permiso de circulaci\u00f3n y veh\u00edculos registrados a su nombre ya sean en propiedad o alquilados a largo plazo. Si tu empresa no tiene veh\u00edculos a su nombre o arrendados, no tiene obligaci\u00f3n de darse de alta en DEV.<\/p>\n\n\n\n<p>Por otro lado, si tienes la obligaci\u00f3n de dar de alta a tu empresa y no lo haces, DEV asignar\u00e1 una direcci\u00f3n electr\u00f3nica para la gesti\u00f3n de las multas de tr\u00e1fico, pero al no haber realizado el proceso de alta en la DGT no podr\u00e1 ver las notificaciones, ni disponer de esos datos aunque s\u00ed la comunicaci\u00f3n en la direcci\u00f3n electr\u00f3nica DEV.<\/p>\n\n\n\n<p>Por ello recomendamos darse de alta, para poder recibir todos los datos en tiempo real y gestionarlos de manera m\u00e1s r\u00e1pida.<\/p>\n\n\n\n<h2 class=\"wp-block-heading\">Otras comunicaciones de la DGT<\/h2>\n\n\n\n<p>Existe otro tipo de comunicaci\u00f3n llamada TESTRA y TEU, son tablones de la DGT y del BOE respectivamente, en estas comunicaciones se publican las sanciones de tr\u00e1fico procedentes de las Administraciones P\u00fablicas, que no han podido ser notificadas al domicilio del infractor.<\/p>\n\n\n\n<p>Se pueden consultar en el siguiente enlace de forma gratuita aunque deber\u00e1s hacer un registro previo con tus datos:<\/p>\n\n\n\n<ul class=\"wp-block-list\">\n<li><a href=\"https:\/\/www.boe.es\/notificaciones\/\">TEU<\/a><\/li>\n<\/ul>\n\n\n\n<h2 class=\"wp-block-heading\">Conclusi\u00f3n<\/h2>\n\n\n\n<p>Con la mirada puesta en el futuro digital la DGT avanza otro paso y ofrece este servicio de r\u00e1pida actuaci\u00f3n a los ciudadanos, aut\u00f3nomos y empresarios para gestionar de forma eficiente las sanciones, evitando retrasos y falta de comunicaci\u00f3n con un sistema que todos podremos llevar en el tel\u00e9fono m\u00f3vil.<\/p>\n\n\n<div class=\"su-box-content green\"><span class=\"su-box-title\">Art\u00edculos relacionados<\/span>\n<ul>\n<li><a href=\"https:\/\/www.tadig.es\/blog\/digitalizar-sector-transportes\/\">Razones para digitalizar el sector transportes<\/a><\/li>\n<li><a href=\"https:\/\/www.tadig.es\/blog\/radares-tramo\/\">Radares de tramo: todo lo que necesitas saber<\/a><\/li>\n<li><a href=\"https:\/\/www.tadig.es\/blog\/milla-logistica-flota\/\">C\u00f3mo aplicar la milla log\u00edstica a nuestra flota<\/a><\/li>\n<\/ul>\n<\/div>","protected":false},"excerpt":{"rendered":"<p>La direcci\u00f3n general de tr\u00e1fico (DGT) con la meta de ser m\u00e1s digital y acelerar la comunicaci\u00f3n las empresas de transporte, pone en marcha DEV, Direcci\u00f3n Electr\u00f3nica Vial para Empresas. \u00bfQu\u00e9 es DEV? La direcci\u00f3n electr\u00f3nica vial es un sistema de notificaciones exclusiva de la direcci\u00f3n general de tr\u00e1fico que se puso en marcha el&hellip;&nbsp;<\/p>\n<div class=\"read-more-wrapper\"><a href=\"https:\/\/www.tadig.es\/blog\/dev-vehiculos-flota\/\" class=\"button button-primary\" rel=\"bookmark\">Seguir leyendo \u00bb<span class=\"screen-reader-text\">DEV qu\u00e9 es y c\u00f3mo afecta a tu flota de veh\u00edculos<\/span><\/a><\/div>\n","protected":false},"author":4,"featured_media":5533,"comment_status":"open","ping_status":"closed","sticky":false,"template":"","format":"standard","meta":{"neve_meta_sidebar":"","neve_meta_container":"","neve_meta_enable_content_width":"","neve_meta_content_width":0,"neve_meta_title_alignment":"","neve_meta_author_avatar":"","neve_post_elements_order":"","neve_meta_disable_header":"","neve_meta_disable_footer":"","neve_meta_disable_title":"","neve_meta_reading_time":"","footnotes":""},"categories":[71,3],"tags":[63,182,178,177,132,72,258,133],"class_list":["post-5532","post","type-post","status-publish","format-standard","has-post-thumbnail","hentry","category-empresa-de-transporte","category-normativa","tag-actualidad-del-transporte","tag-autonomos-sector-transportes","tag-dev","tag-dgt","tag-digitalizacion-sector-transportes","tag-gestion-de-la-flota","tag-gestiones-electronicas","tag-sector-transportes"],"yoast_head":"<!-- This site is optimized with the Yoast SEO plugin v27.1.1 - https:\/\/yoast.com\/product\/yoast-seo-wordpress\/ -->\n<title>DEV qu\u00e9 es y c\u00f3mo afecta a tu flota de veh\u00edculos - TADIG | Blog<\/title>\n<meta name=\"description\" content=\"La direcci\u00f3n general de tr\u00e1fico (DGT) con la meta de ser m\u00e1s digital y acelerar la comunicaci\u00f3n las empresas de transporte...\" \/>\n<meta name=\"robots\" content=\"index, follow, max-snippet:-1, max-image-preview:large, max-video-preview:-1\" \/>\n<link rel=\"canonical\" href=\"https:\/\/www.tadig.es\/blog\/dev-vehiculos-flota\/\" \/>\n<meta property=\"og:locale\" content=\"es_ES\" \/>\n<meta property=\"og:type\" content=\"article\" \/>\n<meta property=\"og:title\" content=\"DEV qu\u00e9 es y c\u00f3mo afecta a tu flota de veh\u00edculos\" \/>\n<meta property=\"og:description\" content=\"La direcci\u00f3n general de tr\u00e1fico (DGT) con la meta de ser m\u00e1s digital y acelerar la comunicaci\u00f3n las empresas de transporte, pone en marcha DEV, Direcci\u00f3n Electr\u00f3nica Vial para Empresas.\" \/>\n<meta property=\"og:url\" content=\"https:\/\/www.tadig.es\/blog\/dev-vehiculos-flota\/\" \/>\n<meta property=\"og:site_name\" content=\"TADIG | Blog\" \/>\n<meta property=\"article:published_time\" content=\"2023-07-03T07:00:00+00:00\" \/>\n<meta property=\"article:modified_time\" content=\"2023-07-03T09:15:31+00:00\" \/>\n<meta property=\"og:image\" content=\"https:\/\/www.tadig.es\/blog\/wp-content\/uploads\/2023\/06\/DEV_DGT_Tadig-2.jpg\" \/>\n\t<meta property=\"og:image:width\" content=\"800\" \/>\n\t<meta property=\"og:image:height\" content=\"527\" \/>\n\t<meta property=\"og:image:type\" content=\"image\/jpeg\" \/>\n<meta name=\"author\" content=\"Adela de TADIG\" \/>\n<meta name=\"twitter:card\" content=\"summary_large_image\" \/>\n<meta name=\"twitter:title\" content=\"DEV qu\u00e9 es y c\u00f3mo afecta a tu flota de veh\u00edculos\" \/>\n<meta name=\"twitter:description\" content=\"via @tacografo_tadig\" \/>\n<meta name=\"twitter:image\" content=\"https:\/\/www.tadig.es\/blog\/wp-content\/uploads\/2023\/06\/DEV_DGT_Tadig-2.jpg\" \/>\n<meta name=\"twitter:creator\" content=\"@tacografo_Tadig\" \/>\n<meta name=\"twitter:site\" content=\"@tacografo_Tadig\" \/>\n<meta name=\"twitter:label1\" content=\"Escrito por\" \/>\n\t<meta name=\"twitter:data1\" content=\"Adela de TADIG\" \/>\n\t<meta name=\"twitter:label2\" content=\"Tiempo de lectura\" \/>\n\t<meta name=\"twitter:data2\" content=\"3 minutos\" \/>\n<script type=\"application\/ld+json\" class=\"yoast-schema-graph\">{\"@context\":\"https:\/\/schema.org\",\"@graph\":[{\"@type\":\"Article\",\"@id\":\"https:\/\/www.tadig.es\/blog\/dev-vehiculos-flota\/#article\",\"isPartOf\":{\"@id\":\"https:\/\/www.tadig.es\/blog\/dev-vehiculos-flota\/\"},\"author\":{\"name\":\"Adela de TADIG\",\"@id\":\"https:\/\/www.tadig.es\/blog\/#\/schema\/person\/29a1dfcb5137be6081eb6e4c9ed8d6fe\"},\"headline\":\"DEV qu\u00e9 es y c\u00f3mo afecta a tu flota de veh\u00edculos\",\"datePublished\":\"2023-07-03T07:00:00+00:00\",\"dateModified\":\"2023-07-03T09:15:31+00:00\",\"mainEntityOfPage\":{\"@id\":\"https:\/\/www.tadig.es\/blog\/dev-vehiculos-flota\/\"},\"wordCount\":584,\"commentCount\":0,\"publisher\":{\"@id\":\"https:\/\/www.tadig.es\/blog\/#organization\"},\"image\":{\"@id\":\"https:\/\/www.tadig.es\/blog\/dev-vehiculos-flota\/#primaryimage\"},\"thumbnailUrl\":\"https:\/\/www.tadig.es\/blog\/wp-content\/uploads\/2023\/06\/DEV_DGT_Tadig-2.jpg\",\"keywords\":[\"actualidad del transporte\",\"aut\u00f3nomos sector transportes\",\"DEV\",\"DGT\",\"digitalizaci\u00f3n sector transportes\",\"gesti\u00f3n de la flota\",\"gestiones electr\u00f3nicas\",\"sector transportes\"],\"articleSection\":[\"Empresa de transporte\",\"Normativa\"],\"inLanguage\":\"es\",\"potentialAction\":[{\"@type\":\"CommentAction\",\"name\":\"Comment\",\"target\":[\"https:\/\/www.tadig.es\/blog\/dev-vehiculos-flota\/#respond\"]}]},{\"@type\":\"WebPage\",\"@id\":\"https:\/\/www.tadig.es\/blog\/dev-vehiculos-flota\/\",\"url\":\"https:\/\/www.tadig.es\/blog\/dev-vehiculos-flota\/\",\"name\":\"DEV qu\u00e9 es y c\u00f3mo afecta a tu flota de veh\u00edculos - TADIG | Blog\",\"isPartOf\":{\"@id\":\"https:\/\/www.tadig.es\/blog\/#website\"},\"primaryImageOfPage\":{\"@id\":\"https:\/\/www.tadig.es\/blog\/dev-vehiculos-flota\/#primaryimage\"},\"image\":{\"@id\":\"https:\/\/www.tadig.es\/blog\/dev-vehiculos-flota\/#primaryimage\"},\"thumbnailUrl\":\"https:\/\/www.tadig.es\/blog\/wp-content\/uploads\/2023\/06\/DEV_DGT_Tadig-2.jpg\",\"datePublished\":\"2023-07-03T07:00:00+00:00\",\"dateModified\":\"2023-07-03T09:15:31+00:00\",\"description\":\"La direcci\u00f3n general de tr\u00e1fico (DGT) con la meta de ser m\u00e1s digital y acelerar la comunicaci\u00f3n las empresas de transporte...\",\"breadcrumb\":{\"@id\":\"https:\/\/www.tadig.es\/blog\/dev-vehiculos-flota\/#breadcrumb\"},\"inLanguage\":\"es\",\"potentialAction\":[{\"@type\":\"ReadAction\",\"target\":[\"https:\/\/www.tadig.es\/blog\/dev-vehiculos-flota\/\"]}]},{\"@type\":\"ImageObject\",\"inLanguage\":\"es\",\"@id\":\"https:\/\/www.tadig.es\/blog\/dev-vehiculos-flota\/#primaryimage\",\"url\":\"https:\/\/www.tadig.es\/blog\/wp-content\/uploads\/2023\/06\/DEV_DGT_Tadig-2.jpg\",\"contentUrl\":\"https:\/\/www.tadig.es\/blog\/wp-content\/uploads\/2023\/06\/DEV_DGT_Tadig-2.jpg\",\"width\":800,\"height\":527,\"caption\":\"DEV qu\u00e9 es y c\u00f3mo afecta a tu flota de veh\u00edculos - TADIG\"},{\"@type\":\"BreadcrumbList\",\"@id\":\"https:\/\/www.tadig.es\/blog\/dev-vehiculos-flota\/#breadcrumb\",\"itemListElement\":[{\"@type\":\"ListItem\",\"position\":1,\"name\":\"Blog\",\"item\":\"https:\/\/www.tadig.es\/blog\/\"},{\"@type\":\"ListItem\",\"position\":2,\"name\":\"DEV qu\u00e9 es y c\u00f3mo afecta a tu flota de veh\u00edculos\"}]},{\"@type\":\"WebSite\",\"@id\":\"https:\/\/www.tadig.es\/blog\/#website\",\"url\":\"https:\/\/www.tadig.es\/blog\/\",\"name\":\"TADIG | Blog\",\"description\":\"Todo lo que necesitas saber sobre el tac\u00f3grafo digital.\",\"publisher\":{\"@id\":\"https:\/\/www.tadig.es\/blog\/#organization\"},\"potentialAction\":[{\"@type\":\"SearchAction\",\"target\":{\"@type\":\"EntryPoint\",\"urlTemplate\":\"https:\/\/www.tadig.es\/blog\/?s={search_term_string}\"},\"query-input\":{\"@type\":\"PropertyValueSpecification\",\"valueRequired\":true,\"valueName\":\"search_term_string\"}}],\"inLanguage\":\"es\"},{\"@type\":\"Organization\",\"@id\":\"https:\/\/www.tadig.es\/blog\/#organization\",\"name\":\"TADIG\",\"url\":\"https:\/\/www.tadig.es\/blog\/\",\"logo\":{\"@type\":\"ImageObject\",\"inLanguage\":\"es\",\"@id\":\"https:\/\/www.tadig.es\/blog\/#\/schema\/logo\/image\/\",\"url\":\"https:\/\/www.tadig.es\/blog\/wp-content\/uploads\/2019\/06\/logo-tadig-1.png\",\"contentUrl\":\"https:\/\/www.tadig.es\/blog\/wp-content\/uploads\/2019\/06\/logo-tadig-1.png\",\"width\":96,\"height\":50,\"caption\":\"TADIG\"},\"image\":{\"@id\":\"https:\/\/www.tadig.es\/blog\/#\/schema\/logo\/image\/\"},\"sameAs\":[\"https:\/\/x.com\/tacografo_Tadig\"]},{\"@type\":\"Person\",\"@id\":\"https:\/\/www.tadig.es\/blog\/#\/schema\/person\/29a1dfcb5137be6081eb6e4c9ed8d6fe\",\"name\":\"Adela de TADIG\",\"image\":{\"@type\":\"ImageObject\",\"inLanguage\":\"es\",\"@id\":\"https:\/\/www.tadig.es\/blog\/#\/schema\/person\/image\/\",\"url\":\"https:\/\/secure.gravatar.com\/avatar\/3ad342a6fbf09eec649bc8e9f907ff41284a39edc7c3bab111671e2012819067?s=96&d=mm&r=g\",\"contentUrl\":\"https:\/\/secure.gravatar.com\/avatar\/3ad342a6fbf09eec649bc8e9f907ff41284a39edc7c3bab111671e2012819067?s=96&d=mm&r=g\",\"caption\":\"Adela de TADIG\"}}]}<\/script>\n<!-- \/ Yoast SEO plugin. -->","yoast_head_json":{"title":"DEV qu\u00e9 es y c\u00f3mo afecta a tu flota de veh\u00edculos - TADIG | Blog","description":"La direcci\u00f3n general de tr\u00e1fico (DGT) con la meta de ser m\u00e1s digital y acelerar la comunicaci\u00f3n las empresas de transporte...","robots":{"index":"index","follow":"follow","max-snippet":"max-snippet:-1","max-image-preview":"max-image-preview:large","max-video-preview":"max-video-preview:-1"},"canonical":"https:\/\/www.tadig.es\/blog\/dev-vehiculos-flota\/","og_locale":"es_ES","og_type":"article","og_title":"DEV qu\u00e9 es y c\u00f3mo afecta a tu flota de veh\u00edculos","og_description":"La direcci\u00f3n general de tr\u00e1fico (DGT) con la meta de ser m\u00e1s digital y acelerar la comunicaci\u00f3n las empresas de transporte, pone en marcha DEV, Direcci\u00f3n Electr\u00f3nica Vial para Empresas.","og_url":"https:\/\/www.tadig.es\/blog\/dev-vehiculos-flota\/","og_site_name":"TADIG | Blog","article_published_time":"2023-07-03T07:00:00+00:00","article_modified_time":"2023-07-03T09:15:31+00:00","og_image":[{"width":800,"height":527,"url":"https:\/\/www.tadig.es\/blog\/wp-content\/uploads\/2023\/06\/DEV_DGT_Tadig-2.jpg","type":"image\/jpeg"}],"author":"Adela de TADIG","twitter_card":"summary_large_image","twitter_title":"DEV qu\u00e9 es y c\u00f3mo afecta a tu flota de veh\u00edculos","twitter_description":"via @tacografo_tadig","twitter_image":"https:\/\/www.tadig.es\/blog\/wp-content\/uploads\/2023\/06\/DEV_DGT_Tadig-2.jpg","twitter_creator":"@tacografo_Tadig","twitter_site":"@tacografo_Tadig","twitter_misc":{"Escrito por":"Adela de TADIG","Tiempo de lectura":"3 minutos"},"schema":{"@context":"https:\/\/schema.org","@graph":[{"@type":"Article","@id":"https:\/\/www.tadig.es\/blog\/dev-vehiculos-flota\/#article","isPartOf":{"@id":"https:\/\/www.tadig.es\/blog\/dev-vehiculos-flota\/"},"author":{"name":"Adela de TADIG","@id":"https:\/\/www.tadig.es\/blog\/#\/schema\/person\/29a1dfcb5137be6081eb6e4c9ed8d6fe"},"headline":"DEV qu\u00e9 es y c\u00f3mo afecta a tu flota de veh\u00edculos","datePublished":"2023-07-03T07:00:00+00:00","dateModified":"2023-07-03T09:15:31+00:00","mainEntityOfPage":{"@id":"https:\/\/www.tadig.es\/blog\/dev-vehiculos-flota\/"},"wordCount":584,"commentCount":0,"publisher":{"@id":"https:\/\/www.tadig.es\/blog\/#organization"},"image":{"@id":"https:\/\/www.tadig.es\/blog\/dev-vehiculos-flota\/#primaryimage"},"thumbnailUrl":"https:\/\/www.tadig.es\/blog\/wp-content\/uploads\/2023\/06\/DEV_DGT_Tadig-2.jpg","keywords":["actualidad del transporte","aut\u00f3nomos sector transportes","DEV","DGT","digitalizaci\u00f3n sector transportes","gesti\u00f3n de la flota","gestiones electr\u00f3nicas","sector transportes"],"articleSection":["Empresa de transporte","Normativa"],"inLanguage":"es","potentialAction":[{"@type":"CommentAction","name":"Comment","target":["https:\/\/www.tadig.es\/blog\/dev-vehiculos-flota\/#respond"]}]},{"@type":"WebPage","@id":"https:\/\/www.tadig.es\/blog\/dev-vehiculos-flota\/","url":"https:\/\/www.tadig.es\/blog\/dev-vehiculos-flota\/","name":"DEV qu\u00e9 es y c\u00f3mo afecta a tu flota de veh\u00edculos - TADIG | Blog","isPartOf":{"@id":"https:\/\/www.tadig.es\/blog\/#website"},"primaryImageOfPage":{"@id":"https:\/\/www.tadig.es\/blog\/dev-vehiculos-flota\/#primaryimage"},"image":{"@id":"https:\/\/www.tadig.es\/blog\/dev-vehiculos-flota\/#primaryimage"},"thumbnailUrl":"https:\/\/www.tadig.es\/blog\/wp-content\/uploads\/2023\/06\/DEV_DGT_Tadig-2.jpg","datePublished":"2023-07-03T07:00:00+00:00","dateModified":"2023-07-03T09:15:31+00:00","description":"La direcci\u00f3n general de tr\u00e1fico (DGT) con la meta de ser m\u00e1s digital y acelerar la comunicaci\u00f3n las empresas de transporte...","breadcrumb":{"@id":"https:\/\/www.tadig.es\/blog\/dev-vehiculos-flota\/#breadcrumb"},"inLanguage":"es","potentialAction":[{"@type":"ReadAction","target":["https:\/\/www.tadig.es\/blog\/dev-vehiculos-flota\/"]}]},{"@type":"ImageObject","inLanguage":"es","@id":"https:\/\/www.tadig.es\/blog\/dev-vehiculos-flota\/#primaryimage","url":"https:\/\/www.tadig.es\/blog\/wp-content\/uploads\/2023\/06\/DEV_DGT_Tadig-2.jpg","contentUrl":"https:\/\/www.tadig.es\/blog\/wp-content\/uploads\/2023\/06\/DEV_DGT_Tadig-2.jpg","width":800,"height":527,"caption":"DEV qu\u00e9 es y c\u00f3mo afecta a tu flota de veh\u00edculos - TADIG"},{"@type":"BreadcrumbList","@id":"https:\/\/www.tadig.es\/blog\/dev-vehiculos-flota\/#breadcrumb","itemListElement":[{"@type":"ListItem","position":1,"name":"Blog","item":"https:\/\/www.tadig.es\/blog\/"},{"@type":"ListItem","position":2,"name":"DEV qu\u00e9 es y c\u00f3mo afecta a tu flota de veh\u00edculos"}]},{"@type":"WebSite","@id":"https:\/\/www.tadig.es\/blog\/#website","url":"https:\/\/www.tadig.es\/blog\/","name":"TADIG | Blog","description":"Todo lo que necesitas saber sobre el tac\u00f3grafo digital.","publisher":{"@id":"https:\/\/www.tadig.es\/blog\/#organization"},"potentialAction":[{"@type":"SearchAction","target":{"@type":"EntryPoint","urlTemplate":"https:\/\/www.tadig.es\/blog\/?s={search_term_string}"},"query-input":{"@type":"PropertyValueSpecification","valueRequired":true,"valueName":"search_term_string"}}],"inLanguage":"es"},{"@type":"Organization","@id":"https:\/\/www.tadig.es\/blog\/#organization","name":"TADIG","url":"https:\/\/www.tadig.es\/blog\/","logo":{"@type":"ImageObject","inLanguage":"es","@id":"https:\/\/www.tadig.es\/blog\/#\/schema\/logo\/image\/","url":"https:\/\/www.tadig.es\/blog\/wp-content\/uploads\/2019\/06\/logo-tadig-1.png","contentUrl":"https:\/\/www.tadig.es\/blog\/wp-content\/uploads\/2019\/06\/logo-tadig-1.png","width":96,"height":50,"caption":"TADIG"},"image":{"@id":"https:\/\/www.tadig.es\/blog\/#\/schema\/logo\/image\/"},"sameAs":["https:\/\/x.com\/tacografo_Tadig"]},{"@type":"Person","@id":"https:\/\/www.tadig.es\/blog\/#\/schema\/person\/29a1dfcb5137be6081eb6e4c9ed8d6fe","name":"Adela de TADIG","image":{"@type":"ImageObject","inLanguage":"es","@id":"https:\/\/www.tadig.es\/blog\/#\/schema\/person\/image\/","url":"https:\/\/secure.gravatar.com\/avatar\/3ad342a6fbf09eec649bc8e9f907ff41284a39edc7c3bab111671e2012819067?s=96&d=mm&r=g","contentUrl":"https:\/\/secure.gravatar.com\/avatar\/3ad342a6fbf09eec649bc8e9f907ff41284a39edc7c3bab111671e2012819067?s=96&d=mm&r=g","caption":"Adela de TADIG"}}]}},"_links":{"self":[{"href":"https:\/\/www.tadig.es\/blog\/wp-json\/wp\/v2\/posts\/5532","targetHints":{"allow":["GET"]}}],"collection":[{"href":"https:\/\/www.tadig.es\/blog\/wp-json\/wp\/v2\/posts"}],"about":[{"href":"https:\/\/www.tadig.es\/blog\/wp-json\/wp\/v2\/types\/post"}],"author":[{"embeddable":true,"href":"https:\/\/www.tadig.es\/blog\/wp-json\/wp\/v2\/users\/4"}],"replies":[{"embeddable":true,"href":"https:\/\/www.tadig.es\/blog\/wp-json\/wp\/v2\/comments?post=5532"}],"version-history":[{"count":1,"href":"https:\/\/www.tadig.es\/blog\/wp-json\/wp\/v2\/posts\/5532\/revisions"}],"predecessor-version":[{"id":5534,"href":"https:\/\/www.tadig.es\/blog\/wp-json\/wp\/v2\/posts\/5532\/revisions\/5534"}],"wp:featuredmedia":[{"embeddable":true,"href":"https:\/\/www.tadig.es\/blog\/wp-json\/wp\/v2\/media\/5533"}],"wp:attachment":[{"href":"https:\/\/www.tadig.es\/blog\/wp-json\/wp\/v2\/media?parent=5532"}],"wp:term":[{"taxonomy":"category","embeddable":true,"href":"https:\/\/www.tadig.es\/blog\/wp-json\/wp\/v2\/categories?post=5532"},{"taxonomy":"post_tag","embeddable":true,"href":"https:\/\/www.tadig.es\/blog\/wp-json\/wp\/v2\/tags?post=5532"}],"curies":[{"name":"wp","href":"https:\/\/api.w.org\/{rel}","templated":true}]}}