



{"id":5330,"date":"2023-04-17T09:00:00","date_gmt":"2023-04-17T07:00:00","guid":{"rendered":"https:\/\/www.tadig.es\/blog\/?p=5330"},"modified":"2023-04-13T13:42:46","modified_gmt":"2023-04-13T11:42:46","slug":"descanso-cabina-prohibido","status":"publish","type":"post","link":"https:\/\/www.tadig.es\/blog\/descanso-cabina-prohibido\/","title":{"rendered":"Descanso en cabina: prohibido"},"content":{"rendered":"\n<p>Si eres conductor de cualquier veh\u00edculo de transporte deber\u00e1s conocer la normativa donde descansar en la cabina del veh\u00edculo est\u00e1 prohibido, por un lado por lo peligroso que llega a ser, y por otro motivo de seguridad vial y la propia seguridad del conductor.<\/p>\n\n\n\n<p>Conoce en detalle la norma y alg\u00fan consejo para garantizar el descanso adecuado y descubre c\u00f3mo combatir la fatiga al volante aumentando la eficiencia como conductor de cualquier veh\u00edculo de transporte en este art\u00edculo.<\/p>\n\n\n\n<h2 class=\"wp-block-heading\">\u00bfQu\u00e9 dice la normativa del descanso dentro del veh\u00edculo?<\/h2>\n\n\n\n<p>La prohibici\u00f3n del descanso en cabina de cami\u00f3n se estableci\u00f3 en el <a href=\"https:\/\/www.boe.es\/buscar\/doc.php?id=DOUE-L-2006-80632\">Reglamento (CE) no 561\/2006<\/a> del Parlamento Europeo y del Consejo de 15 de marzo de 2006 sobre armonizaci\u00f3n de determinadas disposiciones en materia social en el sector de los transportes por carretera, es donde se detalla la prohibici\u00f3n del descanso en el habit\u00e1culo del conductor.<\/p>\n\n\n\n<p>Este reglamento establece las normas sobre los <a href=\"https:\/\/www.tadig.es\/blog\/tiempos-de-conduccion-y-descanso\/\">tiempos de conducci\u00f3n y descanso<\/a> de los conductores, y en \u00e9l se indica que los conductores deben tomar sus per\u00edodos de descanso diarios y semanales en alojamientos adecuados, es decir, <strong>fuera del veh\u00edculo<\/strong>.<\/p>\n\n\n\n<blockquote class=\"wp-block-quote is-layout-flow wp-block-quote-is-layout-flow\">\n<p>\u201c<strong>No podr\u00e1n tomarse en un veh\u00edculo<\/strong> los per\u00edodos de <strong>descanso semanal normal<\/strong> ni cualquier per\u00edodo de <strong>descanso semanal de m\u00e1s de 45 horas<\/strong> que se tome como compensaci\u00f3n de per\u00edodos de descanso semanal reducidos previos.\u201d<\/p>\n<\/blockquote>\n\n\n\n<p>Nos lo indica <a href=\"https:\/\/www.mitma.gob.es\/transporte-terrestre\/inspeccion-y-seguridad-en-el-transporte\/tiempos-de-conduccion-y-descanso\/descanso\/tiempos-de-descanso\">MITMA: Descanso normal en la cabina del conductor<\/a><\/p>\n\n\n\n<p>Dicha normativa se ha implementado para garantizar que los conductores descansen adecuadamente y no pongan en peligro su seguridad y la de los dem\u00e1s usuarios de la carretera. Descansar en la cabina del cami\u00f3n puede ser peligroso debido a la falta de espacio, ventilaci\u00f3n y comodidades adecuadas.<\/p>\n\n\n\n<h2 class=\"wp-block-heading\">Otras razones para no hacer descanso en cabina<\/h2>\n\n\n\n<ul class=\"wp-block-list\">\n<li><strong>Comodidad y seguridad<\/strong>, dormir en una posici\u00f3n c\u00f3moda, temperatura adecuada y ventilaci\u00f3n son las recomendaciones de la Organizaci\u00f3n Mundial de la Salud sobre obtener un descanso adecuado, adem\u00e1s de prevenirnos de las entre 6 y 8 horas necesarias para un descanso reparador en un adulto.<\/li>\n\n\n\n<li><strong>Higiene<\/strong>, el descanso en la misma cabina en la que se conduce puede ser insalubre pues son muchas horas asignadas en el mismo cub\u00edculo, de ah\u00ed que el agua tibia durante 5 minutos nos despeje cuerpo y mente, una ducha que despeje el sue\u00f1o descansado y nos despierte del todo para comenzar la jornada.<\/li>\n\n\n\n<li><strong>Riesgo de accidente<\/strong>, la cabina de conducci\u00f3n suele tener espacio reducido a precisamente esa tarea, la incomodidad y ventilaci\u00f3n insuficientes no la hacen un lugar adecuado para el descanso. Adem\u00e1s de que existe el riesgo que durante nuestro descanso toquemos por accidente alguno de los mandos del veh\u00edculo, poniendo en riesgo la seguridad.<\/li>\n<\/ul>\n\n\n\n<p>Por todas estas razones, incluyendo normativa, descansar fuera del veh\u00edculo es una cuesti\u00f3n de respeto hacia nuestro trabajo como conductores profesionales y tambi\u00e9n al resto de los conductores con los que nos cruzamos en nuestra ruta. Los <a href=\"https:\/\/www.tadig.es\/blog\/aparcamientos-seguros-camiones-es-eu\/\">Aparcamientos seguros para camiones ES-EU<\/a> son espacios importantes para realizar de forma correcta la jornada.<\/p>\n\n\n\n<p>Si de <a href=\"https:\/\/www.tadig.es\/blog\/fatiga-al-volante-y-empresas-de-transporte\/\">combatir fatiga al volante<\/a> es lo que se trata, las recomendaciones en normativa son las m\u00e1s fiables a la hora de seguir, hacer las pausas de conducci\u00f3n, descansos diarios y por supuesto semanales y as\u00ed llegar al mejor rendimiento de nuestras capacidades al volante.<\/p>\n\n\n\n<h2 class=\"wp-block-heading\">Conclusi\u00f3n<\/h2>\n\n\n\n<p>La prohibici\u00f3n de <strong>descansar en la propia cabina del veh\u00edculo<\/strong>, que es la herramienta de nuestro trabajo, es una medida importante para garantizar no s\u00f3lo nuestro descanso como conductores profesionales, sino de los dem\u00e1s usuarios de la carretera. Con el objetivo de garantizar el descanso correcto, un elemento de seguridad indiscutible para el sector transportes es cumplir con la normativa.<\/p>\n\n\n<div class=\"su-box-content green\"><span class=\"su-box-title\">Art\u00edculos relacionados:<\/span><p><\/p>\n<ul>\n<li><a href=\"https:\/\/www.tadig.es\/blog\/mover-el-camion-sin-tarjeta-menos-de-15-minutos\/\">Mover el cami\u00f3n sin tarjeta menos de 15 minutos: \u00bfEst\u00e1 permitido?<\/a><\/li>\n<li><a href=\"https:\/\/www.tadig.es\/blog\/dispositivos-seguridad-obligatorios-camion\/\">Dispositivos de seguridad obligatorios en el Cami\u00f3n<\/a><\/li>\n<li><a href=\"https:\/\/www.tadig.es\/blog\/lott-rott-flota\/\">LOTT y ROTT: qu\u00e9 son y c\u00f3mo afecta a tu flota<\/a><\/li>\n<\/ul>\n<\/div>","protected":false},"excerpt":{"rendered":"<p>Si eres conductor de cualquier veh\u00edculo de transporte deber\u00e1s conocer la normativa donde descansar en la cabina del veh\u00edculo est\u00e1 prohibido, por un lado por lo peligroso que llega a ser, y por otro motivo de seguridad vial y la propia seguridad del conductor. Conoce en detalle la norma y alg\u00fan consejo para garantizar el&hellip;&nbsp;<\/p>\n<div class=\"read-more-wrapper\"><a href=\"https:\/\/www.tadig.es\/blog\/descanso-cabina-prohibido\/\" class=\"button button-primary\" rel=\"bookmark\">Seguir leyendo \u00bb<span class=\"screen-reader-text\">Descanso en cabina: prohibido<\/span><\/a><\/div>\n","protected":false},"author":4,"featured_media":5331,"comment_status":"open","ping_status":"closed","sticky":false,"template":"","format":"standard","meta":{"neve_meta_sidebar":"","neve_meta_container":"","neve_meta_enable_content_width":"","neve_meta_content_width":0,"neve_meta_title_alignment":"","neve_meta_author_avatar":"","neve_post_elements_order":"","neve_meta_disable_header":"","neve_meta_disable_footer":"","neve_meta_disable_title":"","neve_meta_reading_time":"","footnotes":""},"categories":[3],"tags":[227,228,229,133],"class_list":["post-5330","post","type-post","status-publish","format-standard","has-post-thumbnail","hentry","category-normativa","tag-descanso-en-cabina","tag-descansos-dentro-del-camion","tag-descansos-largos-en-la-cabina-del-conductor","tag-sector-transportes"],"yoast_head":"<!-- This site is optimized with the Yoast SEO plugin v27.1.1 - https:\/\/yoast.com\/product\/yoast-seo-wordpress\/ -->\n<title>Descanso en cabina: prohibido - TADIG | Blog<\/title>\n<meta name=\"description\" content=\"Conoce en detalle la norma y alg\u00fan consejo para garantizar el descanso adecuado y descubre c\u00f3mo combatir la fatiga al volante...\" \/>\n<meta name=\"robots\" content=\"index, follow, max-snippet:-1, max-image-preview:large, max-video-preview:-1\" \/>\n<link rel=\"canonical\" href=\"https:\/\/www.tadig.es\/blog\/descanso-cabina-prohibido\/\" \/>\n<meta property=\"og:locale\" content=\"es_ES\" \/>\n<meta property=\"og:type\" content=\"article\" \/>\n<meta property=\"og:title\" content=\"Descanso en cabina: prohibido\" \/>\n<meta property=\"og:description\" content=\"Conoce en detalle la norma y alg\u00fan consejo para garantizar el descanso adecuado y descubre c\u00f3mo combatir la fatiga al volante...\" \/>\n<meta property=\"og:url\" content=\"https:\/\/www.tadig.es\/blog\/descanso-cabina-prohibido\/\" \/>\n<meta property=\"og:site_name\" content=\"TADIG | Blog\" \/>\n<meta property=\"article:published_time\" content=\"2023-04-17T07:00:00+00:00\" \/>\n<meta property=\"og:image\" content=\"https:\/\/www.tadig.es\/blog\/wp-content\/uploads\/2023\/04\/conductor-camion-durmiendo-cabina-su-camion-debido-conduccion-largas-distancias-al-exceso-trabajo-1024x683.jpg\" \/>\n\t<meta property=\"og:image:width\" content=\"1024\" \/>\n\t<meta property=\"og:image:height\" content=\"683\" \/>\n\t<meta property=\"og:image:type\" content=\"image\/jpeg\" \/>\n<meta name=\"author\" content=\"Adela de TADIG\" \/>\n<meta name=\"twitter:card\" content=\"summary_large_image\" \/>\n<meta name=\"twitter:title\" content=\"Descanso en cabina: prohibido\" \/>\n<meta name=\"twitter:creator\" content=\"@tacografo_Tadig\" \/>\n<meta name=\"twitter:site\" content=\"@tacografo_Tadig\" \/>\n<meta name=\"twitter:label1\" content=\"Escrito por\" \/>\n\t<meta name=\"twitter:data1\" content=\"Adela de TADIG\" \/>\n\t<meta name=\"twitter:label2\" content=\"Tiempo de lectura\" \/>\n\t<meta name=\"twitter:data2\" content=\"3 minutos\" \/>\n<script type=\"application\/ld+json\" class=\"yoast-schema-graph\">{\"@context\":\"https:\/\/schema.org\",\"@graph\":[{\"@type\":\"Article\",\"@id\":\"https:\/\/www.tadig.es\/blog\/descanso-cabina-prohibido\/#article\",\"isPartOf\":{\"@id\":\"https:\/\/www.tadig.es\/blog\/descanso-cabina-prohibido\/\"},\"author\":{\"name\":\"Adela de TADIG\",\"@id\":\"https:\/\/www.tadig.es\/blog\/#\/schema\/person\/29a1dfcb5137be6081eb6e4c9ed8d6fe\"},\"headline\":\"Descanso en cabina: prohibido\",\"datePublished\":\"2023-04-17T07:00:00+00:00\",\"mainEntityOfPage\":{\"@id\":\"https:\/\/www.tadig.es\/blog\/descanso-cabina-prohibido\/\"},\"wordCount\":674,\"commentCount\":2,\"publisher\":{\"@id\":\"https:\/\/www.tadig.es\/blog\/#organization\"},\"image\":{\"@id\":\"https:\/\/www.tadig.es\/blog\/descanso-cabina-prohibido\/#primaryimage\"},\"thumbnailUrl\":\"https:\/\/www.tadig.es\/blog\/wp-content\/uploads\/2023\/04\/conductor-camion-durmiendo-cabina-su-camion-debido-conduccion-largas-distancias-al-exceso-trabajo.jpg\",\"keywords\":[\"descanso en cabina\",\"descansos dentro del cami\u00f3n\",\"descansos largos en la cabina del conductor\",\"sector transportes\"],\"articleSection\":[\"Normativa\"],\"inLanguage\":\"es\",\"potentialAction\":[{\"@type\":\"CommentAction\",\"name\":\"Comment\",\"target\":[\"https:\/\/www.tadig.es\/blog\/descanso-cabina-prohibido\/#respond\"]}]},{\"@type\":\"WebPage\",\"@id\":\"https:\/\/www.tadig.es\/blog\/descanso-cabina-prohibido\/\",\"url\":\"https:\/\/www.tadig.es\/blog\/descanso-cabina-prohibido\/\",\"name\":\"Descanso en cabina: prohibido - TADIG | Blog\",\"isPartOf\":{\"@id\":\"https:\/\/www.tadig.es\/blog\/#website\"},\"primaryImageOfPage\":{\"@id\":\"https:\/\/www.tadig.es\/blog\/descanso-cabina-prohibido\/#primaryimage\"},\"image\":{\"@id\":\"https:\/\/www.tadig.es\/blog\/descanso-cabina-prohibido\/#primaryimage\"},\"thumbnailUrl\":\"https:\/\/www.tadig.es\/blog\/wp-content\/uploads\/2023\/04\/conductor-camion-durmiendo-cabina-su-camion-debido-conduccion-largas-distancias-al-exceso-trabajo.jpg\",\"datePublished\":\"2023-04-17T07:00:00+00:00\",\"description\":\"Conoce en detalle la norma y alg\u00fan consejo para garantizar el descanso adecuado y descubre c\u00f3mo combatir la fatiga al volante...\",\"breadcrumb\":{\"@id\":\"https:\/\/www.tadig.es\/blog\/descanso-cabina-prohibido\/#breadcrumb\"},\"inLanguage\":\"es\",\"potentialAction\":[{\"@type\":\"ReadAction\",\"target\":[\"https:\/\/www.tadig.es\/blog\/descanso-cabina-prohibido\/\"]}]},{\"@type\":\"ImageObject\",\"inLanguage\":\"es\",\"@id\":\"https:\/\/www.tadig.es\/blog\/descanso-cabina-prohibido\/#primaryimage\",\"url\":\"https:\/\/www.tadig.es\/blog\/wp-content\/uploads\/2023\/04\/conductor-camion-durmiendo-cabina-su-camion-debido-conduccion-largas-distancias-al-exceso-trabajo.jpg\",\"contentUrl\":\"https:\/\/www.tadig.es\/blog\/wp-content\/uploads\/2023\/04\/conductor-camion-durmiendo-cabina-su-camion-debido-conduccion-largas-distancias-al-exceso-trabajo.jpg\",\"width\":7360,\"height\":4912,\"caption\":\"Descanso en cabina prohibido - TADIG\"},{\"@type\":\"BreadcrumbList\",\"@id\":\"https:\/\/www.tadig.es\/blog\/descanso-cabina-prohibido\/#breadcrumb\",\"itemListElement\":[{\"@type\":\"ListItem\",\"position\":1,\"name\":\"Blog\",\"item\":\"https:\/\/www.tadig.es\/blog\/\"},{\"@type\":\"ListItem\",\"position\":2,\"name\":\"Descanso en cabina: prohibido\"}]},{\"@type\":\"WebSite\",\"@id\":\"https:\/\/www.tadig.es\/blog\/#website\",\"url\":\"https:\/\/www.tadig.es\/blog\/\",\"name\":\"TADIG | Blog\",\"description\":\"Todo lo que necesitas saber sobre el tac\u00f3grafo digital.\",\"publisher\":{\"@id\":\"https:\/\/www.tadig.es\/blog\/#organization\"},\"potentialAction\":[{\"@type\":\"SearchAction\",\"target\":{\"@type\":\"EntryPoint\",\"urlTemplate\":\"https:\/\/www.tadig.es\/blog\/?s={search_term_string}\"},\"query-input\":{\"@type\":\"PropertyValueSpecification\",\"valueRequired\":true,\"valueName\":\"search_term_string\"}}],\"inLanguage\":\"es\"},{\"@type\":\"Organization\",\"@id\":\"https:\/\/www.tadig.es\/blog\/#organization\",\"name\":\"TADIG\",\"url\":\"https:\/\/www.tadig.es\/blog\/\",\"logo\":{\"@type\":\"ImageObject\",\"inLanguage\":\"es\",\"@id\":\"https:\/\/www.tadig.es\/blog\/#\/schema\/logo\/image\/\",\"url\":\"https:\/\/www.tadig.es\/blog\/wp-content\/uploads\/2019\/06\/logo-tadig-1.png\",\"contentUrl\":\"https:\/\/www.tadig.es\/blog\/wp-content\/uploads\/2019\/06\/logo-tadig-1.png\",\"width\":96,\"height\":50,\"caption\":\"TADIG\"},\"image\":{\"@id\":\"https:\/\/www.tadig.es\/blog\/#\/schema\/logo\/image\/\"},\"sameAs\":[\"https:\/\/x.com\/tacografo_Tadig\"]},{\"@type\":\"Person\",\"@id\":\"https:\/\/www.tadig.es\/blog\/#\/schema\/person\/29a1dfcb5137be6081eb6e4c9ed8d6fe\",\"name\":\"Adela de TADIG\",\"image\":{\"@type\":\"ImageObject\",\"inLanguage\":\"es\",\"@id\":\"https:\/\/www.tadig.es\/blog\/#\/schema\/person\/image\/\",\"url\":\"https:\/\/secure.gravatar.com\/avatar\/3ad342a6fbf09eec649bc8e9f907ff41284a39edc7c3bab111671e2012819067?s=96&d=mm&r=g\",\"contentUrl\":\"https:\/\/secure.gravatar.com\/avatar\/3ad342a6fbf09eec649bc8e9f907ff41284a39edc7c3bab111671e2012819067?s=96&d=mm&r=g\",\"caption\":\"Adela de TADIG\"}}]}<\/script>\n<!-- \/ Yoast SEO plugin. -->","yoast_head_json":{"title":"Descanso en cabina: prohibido - TADIG | Blog","description":"Conoce en detalle la norma y alg\u00fan consejo para garantizar el descanso adecuado y descubre c\u00f3mo combatir la fatiga al volante...","robots":{"index":"index","follow":"follow","max-snippet":"max-snippet:-1","max-image-preview":"max-image-preview:large","max-video-preview":"max-video-preview:-1"},"canonical":"https:\/\/www.tadig.es\/blog\/descanso-cabina-prohibido\/","og_locale":"es_ES","og_type":"article","og_title":"Descanso en cabina: prohibido","og_description":"Conoce en detalle la norma y alg\u00fan consejo para garantizar el descanso adecuado y descubre c\u00f3mo combatir la fatiga al volante...","og_url":"https:\/\/www.tadig.es\/blog\/descanso-cabina-prohibido\/","og_site_name":"TADIG | Blog","article_published_time":"2023-04-17T07:00:00+00:00","og_image":[{"width":1024,"height":683,"url":"https:\/\/www.tadig.es\/blog\/wp-content\/uploads\/2023\/04\/conductor-camion-durmiendo-cabina-su-camion-debido-conduccion-largas-distancias-al-exceso-trabajo-1024x683.jpg","type":"image\/jpeg"}],"author":"Adela de TADIG","twitter_card":"summary_large_image","twitter_title":"Descanso en cabina: prohibido","twitter_creator":"@tacografo_Tadig","twitter_site":"@tacografo_Tadig","twitter_misc":{"Escrito por":"Adela de TADIG","Tiempo de lectura":"3 minutos"},"schema":{"@context":"https:\/\/schema.org","@graph":[{"@type":"Article","@id":"https:\/\/www.tadig.es\/blog\/descanso-cabina-prohibido\/#article","isPartOf":{"@id":"https:\/\/www.tadig.es\/blog\/descanso-cabina-prohibido\/"},"author":{"name":"Adela de TADIG","@id":"https:\/\/www.tadig.es\/blog\/#\/schema\/person\/29a1dfcb5137be6081eb6e4c9ed8d6fe"},"headline":"Descanso en cabina: prohibido","datePublished":"2023-04-17T07:00:00+00:00","mainEntityOfPage":{"@id":"https:\/\/www.tadig.es\/blog\/descanso-cabina-prohibido\/"},"wordCount":674,"commentCount":2,"publisher":{"@id":"https:\/\/www.tadig.es\/blog\/#organization"},"image":{"@id":"https:\/\/www.tadig.es\/blog\/descanso-cabina-prohibido\/#primaryimage"},"thumbnailUrl":"https:\/\/www.tadig.es\/blog\/wp-content\/uploads\/2023\/04\/conductor-camion-durmiendo-cabina-su-camion-debido-conduccion-largas-distancias-al-exceso-trabajo.jpg","keywords":["descanso en cabina","descansos dentro del cami\u00f3n","descansos largos en la cabina del conductor","sector transportes"],"articleSection":["Normativa"],"inLanguage":"es","potentialAction":[{"@type":"CommentAction","name":"Comment","target":["https:\/\/www.tadig.es\/blog\/descanso-cabina-prohibido\/#respond"]}]},{"@type":"WebPage","@id":"https:\/\/www.tadig.es\/blog\/descanso-cabina-prohibido\/","url":"https:\/\/www.tadig.es\/blog\/descanso-cabina-prohibido\/","name":"Descanso en cabina: prohibido - TADIG | Blog","isPartOf":{"@id":"https:\/\/www.tadig.es\/blog\/#website"},"primaryImageOfPage":{"@id":"https:\/\/www.tadig.es\/blog\/descanso-cabina-prohibido\/#primaryimage"},"image":{"@id":"https:\/\/www.tadig.es\/blog\/descanso-cabina-prohibido\/#primaryimage"},"thumbnailUrl":"https:\/\/www.tadig.es\/blog\/wp-content\/uploads\/2023\/04\/conductor-camion-durmiendo-cabina-su-camion-debido-conduccion-largas-distancias-al-exceso-trabajo.jpg","datePublished":"2023-04-17T07:00:00+00:00","description":"Conoce en detalle la norma y alg\u00fan consejo para garantizar el descanso adecuado y descubre c\u00f3mo combatir la fatiga al volante...","breadcrumb":{"@id":"https:\/\/www.tadig.es\/blog\/descanso-cabina-prohibido\/#breadcrumb"},"inLanguage":"es","potentialAction":[{"@type":"ReadAction","target":["https:\/\/www.tadig.es\/blog\/descanso-cabina-prohibido\/"]}]},{"@type":"ImageObject","inLanguage":"es","@id":"https:\/\/www.tadig.es\/blog\/descanso-cabina-prohibido\/#primaryimage","url":"https:\/\/www.tadig.es\/blog\/wp-content\/uploads\/2023\/04\/conductor-camion-durmiendo-cabina-su-camion-debido-conduccion-largas-distancias-al-exceso-trabajo.jpg","contentUrl":"https:\/\/www.tadig.es\/blog\/wp-content\/uploads\/2023\/04\/conductor-camion-durmiendo-cabina-su-camion-debido-conduccion-largas-distancias-al-exceso-trabajo.jpg","width":7360,"height":4912,"caption":"Descanso en cabina prohibido - TADIG"},{"@type":"BreadcrumbList","@id":"https:\/\/www.tadig.es\/blog\/descanso-cabina-prohibido\/#breadcrumb","itemListElement":[{"@type":"ListItem","position":1,"name":"Blog","item":"https:\/\/www.tadig.es\/blog\/"},{"@type":"ListItem","position":2,"name":"Descanso en cabina: prohibido"}]},{"@type":"WebSite","@id":"https:\/\/www.tadig.es\/blog\/#website","url":"https:\/\/www.tadig.es\/blog\/","name":"TADIG | Blog","description":"Todo lo que necesitas saber sobre el tac\u00f3grafo digital.","publisher":{"@id":"https:\/\/www.tadig.es\/blog\/#organization"},"potentialAction":[{"@type":"SearchAction","target":{"@type":"EntryPoint","urlTemplate":"https:\/\/www.tadig.es\/blog\/?s={search_term_string}"},"query-input":{"@type":"PropertyValueSpecification","valueRequired":true,"valueName":"search_term_string"}}],"inLanguage":"es"},{"@type":"Organization","@id":"https:\/\/www.tadig.es\/blog\/#organization","name":"TADIG","url":"https:\/\/www.tadig.es\/blog\/","logo":{"@type":"ImageObject","inLanguage":"es","@id":"https:\/\/www.tadig.es\/blog\/#\/schema\/logo\/image\/","url":"https:\/\/www.tadig.es\/blog\/wp-content\/uploads\/2019\/06\/logo-tadig-1.png","contentUrl":"https:\/\/www.tadig.es\/blog\/wp-content\/uploads\/2019\/06\/logo-tadig-1.png","width":96,"height":50,"caption":"TADIG"},"image":{"@id":"https:\/\/www.tadig.es\/blog\/#\/schema\/logo\/image\/"},"sameAs":["https:\/\/x.com\/tacografo_Tadig"]},{"@type":"Person","@id":"https:\/\/www.tadig.es\/blog\/#\/schema\/person\/29a1dfcb5137be6081eb6e4c9ed8d6fe","name":"Adela de TADIG","image":{"@type":"ImageObject","inLanguage":"es","@id":"https:\/\/www.tadig.es\/blog\/#\/schema\/person\/image\/","url":"https:\/\/secure.gravatar.com\/avatar\/3ad342a6fbf09eec649bc8e9f907ff41284a39edc7c3bab111671e2012819067?s=96&d=mm&r=g","contentUrl":"https:\/\/secure.gravatar.com\/avatar\/3ad342a6fbf09eec649bc8e9f907ff41284a39edc7c3bab111671e2012819067?s=96&d=mm&r=g","caption":"Adela de TADIG"}}]}},"_links":{"self":[{"href":"https:\/\/www.tadig.es\/blog\/wp-json\/wp\/v2\/posts\/5330","targetHints":{"allow":["GET"]}}],"collection":[{"href":"https:\/\/www.tadig.es\/blog\/wp-json\/wp\/v2\/posts"}],"about":[{"href":"https:\/\/www.tadig.es\/blog\/wp-json\/wp\/v2\/types\/post"}],"author":[{"embeddable":true,"href":"https:\/\/www.tadig.es\/blog\/wp-json\/wp\/v2\/users\/4"}],"replies":[{"embeddable":true,"href":"https:\/\/www.tadig.es\/blog\/wp-json\/wp\/v2\/comments?post=5330"}],"version-history":[{"count":0,"href":"https:\/\/www.tadig.es\/blog\/wp-json\/wp\/v2\/posts\/5330\/revisions"}],"wp:featuredmedia":[{"embeddable":true,"href":"https:\/\/www.tadig.es\/blog\/wp-json\/wp\/v2\/media\/5331"}],"wp:attachment":[{"href":"https:\/\/www.tadig.es\/blog\/wp-json\/wp\/v2\/media?parent=5330"}],"wp:term":[{"taxonomy":"category","embeddable":true,"href":"https:\/\/www.tadig.es\/blog\/wp-json\/wp\/v2\/categories?post=5330"},{"taxonomy":"post_tag","embeddable":true,"href":"https:\/\/www.tadig.es\/blog\/wp-json\/wp\/v2\/tags?post=5330"}],"curies":[{"name":"wp","href":"https:\/\/api.w.org\/{rel}","templated":true}]}}