



{"id":5047,"date":"2023-03-06T09:00:00","date_gmt":"2023-03-06T08:00:00","guid":{"rendered":"https:\/\/www.tadig.es\/blog\/?p=5047"},"modified":"2023-03-02T16:30:34","modified_gmt":"2023-03-02T15:30:34","slug":"dgt-vehiculos-conectados","status":"publish","type":"post","link":"https:\/\/www.tadig.es\/blog\/dgt-vehiculos-conectados\/","title":{"rendered":"DGT 3.0 veh\u00edculos conectados"},"content":{"rendered":"\n<p>La Direcci\u00f3n General de Tr\u00e1fico o DGT 3.0 es una plataforma de conexi\u00f3n que pretende ser global, para ofrecer informaci\u00f3n en tiempo real a los usuarios y con el objetivo de lograr una movilidad m\u00e1s segura.<\/p>\n\n\n\n<p>En este art\u00edculo exploramos este nuevo modelo digital de la DGT analizando tambi\u00e9n nuestra participaci\u00f3n como conductores y mirando hacia un futuro de menos accidentes y mortalidad.<\/p>\n\n\n\n<h2 class=\"wp-block-heading\">DGT 3.0 y sector transportes<\/h2>\n\n\n\n<p>El sector transportes de mercanc\u00edas y viajeros va a sufrir una gran transformaci\u00f3n gracias a DGT 3.0 gracias a la digitalizaci\u00f3n y la conectividad. Tecnolog\u00eda que tambi\u00e9n involucra a cualquier conductor y que opera en empresas de transporte de mercanc\u00edas y sus rutas.<\/p>\n\n\n\n<p>Este gran avance se basa en la comunicaci\u00f3n de datos en tiempo real de los veh\u00edculos, con sistemas de tr\u00e1fico y log\u00edstica. La plataforma DGT 3.0 permite la transmisi\u00f3n de datos en tiempo real de transporte, log\u00edstica y veh\u00edculos en todo momento. Mejorar la seguridad y reducir los costes de cada operaci\u00f3n de transporte, permitiendo a los responsables de log\u00edstica mejorar la eficiencia y rendimiento de sus flotas.<\/p>\n\n\n\n<p>Si quieres m\u00e1s informaci\u00f3n para gestionar tu flota lee este otro art\u00edculo <a href=\"https:\/\/www.tadig.es\/blog\/milla-logistica-flota\/\">C\u00f3mo aplicar la milla log\u00edstica a nuestra flota<\/a>.<\/p>\n\n\n\n<h2 class=\"wp-block-heading\">Luces V16<\/h2>\n\n\n\n<p>En el a\u00f1o 2022 entr\u00f3 en vigor por la DGT una nueva normativa por la que se dejar\u00e1 de usar los tri\u00e1ngulos de emergencia para usar una baliza o luz de emergencia llamada V16. Dichas luces entran en vigor en 2026, puedes utilizarlas ahora pero no ser\u00e1 hasta esa fecha cuando sea obligatorio.<\/p>\n\n\n\n<p>Este dispositivo adem\u00e1s de se\u00f1alizar una aver\u00eda, comunicar\u00e1 mediante geoposicionamiento d\u00f3nde se encuentra tu veh\u00edculo en la red de carreteras nacional y avisar\u00e1 mediante la plataforma DGT 3.0 a los servicios de carretera y tambi\u00e9n a los dem\u00e1s conductores , en los paneles digitales, para mayor seguridad.<\/p>\n\n\n\n<p>De momento no hay un dispositivo V16 certificado por la DGT, lo que s\u00ed sabemos por el Real Decreto 159\/2021 es que deber\u00e1 tener conexi\u00f3n @ y datos. En este otro art\u00edculo m\u00e1s informaci\u00f3n acerca de los <a href=\"https:\/\/www.tadig.es\/blog\/dispositivos-seguridad-obligatorios-camion\/\">Dispositivos de seguridad obligatorios en el Cami\u00f3n<\/a>.<\/p>\n\n\n\n<h2 class=\"wp-block-heading\">2050 = 0 v\u00edctimas en accidentes de tr\u00e1fico<\/h2>\n\n\n\n<p>La DGT 3.0 tambi\u00e9n ayuda a mejorar la seguridad en las carreteras, de hecho ese es su principal objetivo. Los sistemas de advertencia de colisi\u00f3n, la detecci\u00f3n de objetos y los sistemas de frenado autom\u00e1tico son solo algunos de los dispositivos de seguridad que se pueden integrar en los veh\u00edculos. Gracias a la DGT 3.0 se podr\u00e1 monitorizar el comportamiento de los conductores en las v\u00edas, hacerlas m\u00e1s seguras, integrar elementos que falten o ayuden al conductor a llegar a su destino.<\/p>\n\n\n\n<p>El gran objetivo para el a\u00f1o 2050 es no tener ninguna v\u00edctima por accidente de tr\u00e1fico, vali\u00e9ndonos como apoyo fundamental en la tecnolog\u00eda y en sus datos de tiempo real gracias a todos los conductores, se consigue la reducci\u00f3n del error humano y menos v\u00edctimas en carretera.<\/p>\n\n\n\n<h2 class=\"wp-block-heading\">Conclusi\u00f3n<\/h2>\n\n\n\n<p>Aunque hay muchos beneficios de la tecnolog\u00eda DGT 3.0, tambi\u00e9n hay bastantes desaf\u00edos que enfrenta el sector transportes. Uno de esos desaf\u00edos es la gesti\u00f3n de datos, la digitalizaci\u00f3n y automatizaci\u00f3n de procesos. Con tantos sensores y dispositivos en los veh\u00edculos, las empresas se ven obligadas a subir las inversiones en dichas prestaciones y el sector no atraviesa el mejor momento.<\/p>\n\n\n<div class=\"su-box-content green\"><span class=\"su-box-title\">Art\u00edculos relacionados<\/span>\n<ul>\n<li><a href=\"https:\/\/www.tadig.es\/blog\/digitalizar-sector-transportes\/\">Razones para digitalizar el sector transportes<\/a><\/li>\n<li><a href=\"https:\/\/www.tadig.es\/blog\/5-razones-flota-descarga-remota-tacografo\/\">5 razones por las que tu flota necesita descarga remota del tac\u00f3grafo digital<\/a><\/li>\n<li><a href=\"https:\/\/www.tadig.es\/blog\/ventajas-localizacion-flotas-gps\/\">Ventajas de la Gesti\u00f3n de Flotas con GPS<\/a><\/li>\n<\/ul>\n<\/div>","protected":false},"excerpt":{"rendered":"<p>La Direcci\u00f3n General de Tr\u00e1fico o DGT 3.0 es una plataforma de conexi\u00f3n que pretende ser global, para ofrecer informaci\u00f3n en tiempo real a los usuarios y con el objetivo de lograr una movilidad m\u00e1s segura. En este art\u00edculo exploramos este nuevo modelo digital de la DGT analizando tambi\u00e9n nuestra participaci\u00f3n como conductores y mirando&hellip;&nbsp;<\/p>\n<div class=\"read-more-wrapper\"><a href=\"https:\/\/www.tadig.es\/blog\/dgt-vehiculos-conectados\/\" class=\"button button-primary\" rel=\"bookmark\">Seguir leyendo \u00bb<span class=\"screen-reader-text\">DGT 3.0 veh\u00edculos conectados<\/span><\/a><\/div>\n","protected":false},"author":4,"featured_media":5049,"comment_status":"open","ping_status":"closed","sticky":false,"template":"","format":"standard","meta":{"neve_meta_sidebar":"","neve_meta_container":"","neve_meta_enable_content_width":"","neve_meta_content_width":0,"neve_meta_title_alignment":"","neve_meta_author_avatar":"","neve_post_elements_order":"","neve_meta_disable_header":"","neve_meta_disable_footer":"","neve_meta_disable_title":"","neve_meta_reading_time":"","footnotes":""},"categories":[62],"tags":[63,147,177,132,138,217],"class_list":["post-5047","post","type-post","status-publish","format-standard","has-post-thumbnail","hentry","category-actualidad-del-transporte","tag-actualidad-del-transporte","tag-actualizacion-sector-transportes","tag-dgt","tag-digitalizacion-sector-transportes","tag-sector-del-transporte","tag-vehiculos-conectados"],"yoast_head":"<!-- This site is optimized with the Yoast SEO plugin v27.1.1 - https:\/\/yoast.com\/product\/yoast-seo-wordpress\/ -->\n<title>DGT 3.0 veh\u00edculos conectados - TADIG | Blog<\/title>\n<meta name=\"description\" content=\"En este art\u00edculo exploramos este nuevo modelo digital de la DGT analizando la participaci\u00f3n como conductores y mirando hacia...\" \/>\n<meta name=\"robots\" content=\"index, follow, max-snippet:-1, max-image-preview:large, max-video-preview:-1\" \/>\n<link rel=\"canonical\" href=\"https:\/\/www.tadig.es\/blog\/dgt-vehiculos-conectados\/\" \/>\n<meta property=\"og:locale\" content=\"es_ES\" \/>\n<meta property=\"og:type\" content=\"article\" \/>\n<meta property=\"og:title\" content=\"DGT 3.0 veh\u00edculos conectados\" \/>\n<meta property=\"og:description\" content=\"En este art\u00edculo exploramos este nuevo modelo digital de la DGT analizando tambi\u00e9n nuestra participaci\u00f3n como conductores y mirando hacia un futuro de menos accidentes y mortalidad.\" \/>\n<meta property=\"og:url\" content=\"https:\/\/www.tadig.es\/blog\/dgt-vehiculos-conectados\/\" \/>\n<meta property=\"og:site_name\" content=\"TADIG | Blog\" \/>\n<meta property=\"article:published_time\" content=\"2023-03-06T08:00:00+00:00\" \/>\n<meta property=\"og:image\" content=\"https:\/\/www.tadig.es\/blog\/wp-content\/uploads\/2023\/03\/DGT-3.0-vehiculos-conectados-TADIG-1.jpg\" \/>\n\t<meta property=\"og:image:width\" content=\"800\" \/>\n\t<meta property=\"og:image:height\" content=\"527\" \/>\n\t<meta property=\"og:image:type\" content=\"image\/jpeg\" \/>\n<meta name=\"author\" content=\"Adela de TADIG\" \/>\n<meta name=\"twitter:card\" content=\"summary_large_image\" \/>\n<meta name=\"twitter:title\" content=\"DGT 3.0 veh\u00edculos conectados\" \/>\n<meta name=\"twitter:description\" content=\"Luces V16 y 2050 = 0 v\u00edctimas en accidentes de tr\u00e1fico todo lo nuevo que trae la plataforma DGT 3.0\" \/>\n<meta name=\"twitter:image\" content=\"https:\/\/www.tadig.es\/blog\/wp-content\/uploads\/2023\/03\/DGT-3.0-vehiculos-conectados-TADIG-1.jpg\" \/>\n<meta name=\"twitter:creator\" content=\"@tacografo_Tadig\" \/>\n<meta name=\"twitter:site\" content=\"@tacografo_Tadig\" \/>\n<meta name=\"twitter:label1\" content=\"Escrito por\" \/>\n\t<meta name=\"twitter:data1\" content=\"Adela de TADIG\" \/>\n\t<meta name=\"twitter:label2\" content=\"Tiempo de lectura\" \/>\n\t<meta name=\"twitter:data2\" content=\"3 minutos\" \/>\n<script type=\"application\/ld+json\" class=\"yoast-schema-graph\">{\"@context\":\"https:\/\/schema.org\",\"@graph\":[{\"@type\":\"Article\",\"@id\":\"https:\/\/www.tadig.es\/blog\/dgt-vehiculos-conectados\/#article\",\"isPartOf\":{\"@id\":\"https:\/\/www.tadig.es\/blog\/dgt-vehiculos-conectados\/\"},\"author\":{\"name\":\"Adela de TADIG\",\"@id\":\"https:\/\/www.tadig.es\/blog\/#\/schema\/person\/29a1dfcb5137be6081eb6e4c9ed8d6fe\"},\"headline\":\"DGT 3.0 veh\u00edculos conectados\",\"datePublished\":\"2023-03-06T08:00:00+00:00\",\"mainEntityOfPage\":{\"@id\":\"https:\/\/www.tadig.es\/blog\/dgt-vehiculos-conectados\/\"},\"wordCount\":629,\"commentCount\":0,\"publisher\":{\"@id\":\"https:\/\/www.tadig.es\/blog\/#organization\"},\"image\":{\"@id\":\"https:\/\/www.tadig.es\/blog\/dgt-vehiculos-conectados\/#primaryimage\"},\"thumbnailUrl\":\"https:\/\/www.tadig.es\/blog\/wp-content\/uploads\/2023\/03\/DGT-3.0-vehiculos-conectados-TADIG-1.jpg\",\"keywords\":[\"actualidad del transporte\",\"actualizaci\u00f3n sector transportes\",\"DGT\",\"digitalizaci\u00f3n sector transportes\",\"sector del transporte\",\"veh\u00edculos conectados\"],\"articleSection\":[\"Actualidad del transporte\"],\"inLanguage\":\"es\",\"potentialAction\":[{\"@type\":\"CommentAction\",\"name\":\"Comment\",\"target\":[\"https:\/\/www.tadig.es\/blog\/dgt-vehiculos-conectados\/#respond\"]}]},{\"@type\":\"WebPage\",\"@id\":\"https:\/\/www.tadig.es\/blog\/dgt-vehiculos-conectados\/\",\"url\":\"https:\/\/www.tadig.es\/blog\/dgt-vehiculos-conectados\/\",\"name\":\"DGT 3.0 veh\u00edculos conectados - TADIG | Blog\",\"isPartOf\":{\"@id\":\"https:\/\/www.tadig.es\/blog\/#website\"},\"primaryImageOfPage\":{\"@id\":\"https:\/\/www.tadig.es\/blog\/dgt-vehiculos-conectados\/#primaryimage\"},\"image\":{\"@id\":\"https:\/\/www.tadig.es\/blog\/dgt-vehiculos-conectados\/#primaryimage\"},\"thumbnailUrl\":\"https:\/\/www.tadig.es\/blog\/wp-content\/uploads\/2023\/03\/DGT-3.0-vehiculos-conectados-TADIG-1.jpg\",\"datePublished\":\"2023-03-06T08:00:00+00:00\",\"description\":\"En este art\u00edculo exploramos este nuevo modelo digital de la DGT analizando la participaci\u00f3n como conductores y mirando hacia...\",\"breadcrumb\":{\"@id\":\"https:\/\/www.tadig.es\/blog\/dgt-vehiculos-conectados\/#breadcrumb\"},\"inLanguage\":\"es\",\"potentialAction\":[{\"@type\":\"ReadAction\",\"target\":[\"https:\/\/www.tadig.es\/blog\/dgt-vehiculos-conectados\/\"]}]},{\"@type\":\"ImageObject\",\"inLanguage\":\"es\",\"@id\":\"https:\/\/www.tadig.es\/blog\/dgt-vehiculos-conectados\/#primaryimage\",\"url\":\"https:\/\/www.tadig.es\/blog\/wp-content\/uploads\/2023\/03\/DGT-3.0-vehiculos-conectados-TADIG-1.jpg\",\"contentUrl\":\"https:\/\/www.tadig.es\/blog\/wp-content\/uploads\/2023\/03\/DGT-3.0-vehiculos-conectados-TADIG-1.jpg\",\"width\":800,\"height\":527,\"caption\":\"DGT 3.0 veh\u00edculos conectados - TADIG\"},{\"@type\":\"BreadcrumbList\",\"@id\":\"https:\/\/www.tadig.es\/blog\/dgt-vehiculos-conectados\/#breadcrumb\",\"itemListElement\":[{\"@type\":\"ListItem\",\"position\":1,\"name\":\"Blog\",\"item\":\"https:\/\/www.tadig.es\/blog\/\"},{\"@type\":\"ListItem\",\"position\":2,\"name\":\"DGT 3.0 veh\u00edculos conectados\"}]},{\"@type\":\"WebSite\",\"@id\":\"https:\/\/www.tadig.es\/blog\/#website\",\"url\":\"https:\/\/www.tadig.es\/blog\/\",\"name\":\"TADIG | Blog\",\"description\":\"Todo lo que necesitas saber sobre el tac\u00f3grafo digital.\",\"publisher\":{\"@id\":\"https:\/\/www.tadig.es\/blog\/#organization\"},\"potentialAction\":[{\"@type\":\"SearchAction\",\"target\":{\"@type\":\"EntryPoint\",\"urlTemplate\":\"https:\/\/www.tadig.es\/blog\/?s={search_term_string}\"},\"query-input\":{\"@type\":\"PropertyValueSpecification\",\"valueRequired\":true,\"valueName\":\"search_term_string\"}}],\"inLanguage\":\"es\"},{\"@type\":\"Organization\",\"@id\":\"https:\/\/www.tadig.es\/blog\/#organization\",\"name\":\"TADIG\",\"url\":\"https:\/\/www.tadig.es\/blog\/\",\"logo\":{\"@type\":\"ImageObject\",\"inLanguage\":\"es\",\"@id\":\"https:\/\/www.tadig.es\/blog\/#\/schema\/logo\/image\/\",\"url\":\"https:\/\/www.tadig.es\/blog\/wp-content\/uploads\/2019\/06\/logo-tadig-1.png\",\"contentUrl\":\"https:\/\/www.tadig.es\/blog\/wp-content\/uploads\/2019\/06\/logo-tadig-1.png\",\"width\":96,\"height\":50,\"caption\":\"TADIG\"},\"image\":{\"@id\":\"https:\/\/www.tadig.es\/blog\/#\/schema\/logo\/image\/\"},\"sameAs\":[\"https:\/\/x.com\/tacografo_Tadig\"]},{\"@type\":\"Person\",\"@id\":\"https:\/\/www.tadig.es\/blog\/#\/schema\/person\/29a1dfcb5137be6081eb6e4c9ed8d6fe\",\"name\":\"Adela de TADIG\",\"image\":{\"@type\":\"ImageObject\",\"inLanguage\":\"es\",\"@id\":\"https:\/\/www.tadig.es\/blog\/#\/schema\/person\/image\/\",\"url\":\"https:\/\/secure.gravatar.com\/avatar\/3ad342a6fbf09eec649bc8e9f907ff41284a39edc7c3bab111671e2012819067?s=96&d=mm&r=g\",\"contentUrl\":\"https:\/\/secure.gravatar.com\/avatar\/3ad342a6fbf09eec649bc8e9f907ff41284a39edc7c3bab111671e2012819067?s=96&d=mm&r=g\",\"caption\":\"Adela de TADIG\"}}]}<\/script>\n<!-- \/ Yoast SEO plugin. -->","yoast_head_json":{"title":"DGT 3.0 veh\u00edculos conectados - TADIG | Blog","description":"En este art\u00edculo exploramos este nuevo modelo digital de la DGT analizando la participaci\u00f3n como conductores y mirando hacia...","robots":{"index":"index","follow":"follow","max-snippet":"max-snippet:-1","max-image-preview":"max-image-preview:large","max-video-preview":"max-video-preview:-1"},"canonical":"https:\/\/www.tadig.es\/blog\/dgt-vehiculos-conectados\/","og_locale":"es_ES","og_type":"article","og_title":"DGT 3.0 veh\u00edculos conectados","og_description":"En este art\u00edculo exploramos este nuevo modelo digital de la DGT analizando tambi\u00e9n nuestra participaci\u00f3n como conductores y mirando hacia un futuro de menos accidentes y mortalidad.","og_url":"https:\/\/www.tadig.es\/blog\/dgt-vehiculos-conectados\/","og_site_name":"TADIG | Blog","article_published_time":"2023-03-06T08:00:00+00:00","og_image":[{"width":800,"height":527,"url":"https:\/\/www.tadig.es\/blog\/wp-content\/uploads\/2023\/03\/DGT-3.0-vehiculos-conectados-TADIG-1.jpg","type":"image\/jpeg"}],"author":"Adela de TADIG","twitter_card":"summary_large_image","twitter_title":"DGT 3.0 veh\u00edculos conectados","twitter_description":"Luces V16 y 2050 = 0 v\u00edctimas en accidentes de tr\u00e1fico todo lo nuevo que trae la plataforma DGT 3.0","twitter_image":"https:\/\/www.tadig.es\/blog\/wp-content\/uploads\/2023\/03\/DGT-3.0-vehiculos-conectados-TADIG-1.jpg","twitter_creator":"@tacografo_Tadig","twitter_site":"@tacografo_Tadig","twitter_misc":{"Escrito por":"Adela de TADIG","Tiempo de lectura":"3 minutos"},"schema":{"@context":"https:\/\/schema.org","@graph":[{"@type":"Article","@id":"https:\/\/www.tadig.es\/blog\/dgt-vehiculos-conectados\/#article","isPartOf":{"@id":"https:\/\/www.tadig.es\/blog\/dgt-vehiculos-conectados\/"},"author":{"name":"Adela de TADIG","@id":"https:\/\/www.tadig.es\/blog\/#\/schema\/person\/29a1dfcb5137be6081eb6e4c9ed8d6fe"},"headline":"DGT 3.0 veh\u00edculos conectados","datePublished":"2023-03-06T08:00:00+00:00","mainEntityOfPage":{"@id":"https:\/\/www.tadig.es\/blog\/dgt-vehiculos-conectados\/"},"wordCount":629,"commentCount":0,"publisher":{"@id":"https:\/\/www.tadig.es\/blog\/#organization"},"image":{"@id":"https:\/\/www.tadig.es\/blog\/dgt-vehiculos-conectados\/#primaryimage"},"thumbnailUrl":"https:\/\/www.tadig.es\/blog\/wp-content\/uploads\/2023\/03\/DGT-3.0-vehiculos-conectados-TADIG-1.jpg","keywords":["actualidad del transporte","actualizaci\u00f3n sector transportes","DGT","digitalizaci\u00f3n sector transportes","sector del transporte","veh\u00edculos conectados"],"articleSection":["Actualidad del transporte"],"inLanguage":"es","potentialAction":[{"@type":"CommentAction","name":"Comment","target":["https:\/\/www.tadig.es\/blog\/dgt-vehiculos-conectados\/#respond"]}]},{"@type":"WebPage","@id":"https:\/\/www.tadig.es\/blog\/dgt-vehiculos-conectados\/","url":"https:\/\/www.tadig.es\/blog\/dgt-vehiculos-conectados\/","name":"DGT 3.0 veh\u00edculos conectados - TADIG | Blog","isPartOf":{"@id":"https:\/\/www.tadig.es\/blog\/#website"},"primaryImageOfPage":{"@id":"https:\/\/www.tadig.es\/blog\/dgt-vehiculos-conectados\/#primaryimage"},"image":{"@id":"https:\/\/www.tadig.es\/blog\/dgt-vehiculos-conectados\/#primaryimage"},"thumbnailUrl":"https:\/\/www.tadig.es\/blog\/wp-content\/uploads\/2023\/03\/DGT-3.0-vehiculos-conectados-TADIG-1.jpg","datePublished":"2023-03-06T08:00:00+00:00","description":"En este art\u00edculo exploramos este nuevo modelo digital de la DGT analizando la participaci\u00f3n como conductores y mirando hacia...","breadcrumb":{"@id":"https:\/\/www.tadig.es\/blog\/dgt-vehiculos-conectados\/#breadcrumb"},"inLanguage":"es","potentialAction":[{"@type":"ReadAction","target":["https:\/\/www.tadig.es\/blog\/dgt-vehiculos-conectados\/"]}]},{"@type":"ImageObject","inLanguage":"es","@id":"https:\/\/www.tadig.es\/blog\/dgt-vehiculos-conectados\/#primaryimage","url":"https:\/\/www.tadig.es\/blog\/wp-content\/uploads\/2023\/03\/DGT-3.0-vehiculos-conectados-TADIG-1.jpg","contentUrl":"https:\/\/www.tadig.es\/blog\/wp-content\/uploads\/2023\/03\/DGT-3.0-vehiculos-conectados-TADIG-1.jpg","width":800,"height":527,"caption":"DGT 3.0 veh\u00edculos conectados - TADIG"},{"@type":"BreadcrumbList","@id":"https:\/\/www.tadig.es\/blog\/dgt-vehiculos-conectados\/#breadcrumb","itemListElement":[{"@type":"ListItem","position":1,"name":"Blog","item":"https:\/\/www.tadig.es\/blog\/"},{"@type":"ListItem","position":2,"name":"DGT 3.0 veh\u00edculos conectados"}]},{"@type":"WebSite","@id":"https:\/\/www.tadig.es\/blog\/#website","url":"https:\/\/www.tadig.es\/blog\/","name":"TADIG | Blog","description":"Todo lo que necesitas saber sobre el tac\u00f3grafo digital.","publisher":{"@id":"https:\/\/www.tadig.es\/blog\/#organization"},"potentialAction":[{"@type":"SearchAction","target":{"@type":"EntryPoint","urlTemplate":"https:\/\/www.tadig.es\/blog\/?s={search_term_string}"},"query-input":{"@type":"PropertyValueSpecification","valueRequired":true,"valueName":"search_term_string"}}],"inLanguage":"es"},{"@type":"Organization","@id":"https:\/\/www.tadig.es\/blog\/#organization","name":"TADIG","url":"https:\/\/www.tadig.es\/blog\/","logo":{"@type":"ImageObject","inLanguage":"es","@id":"https:\/\/www.tadig.es\/blog\/#\/schema\/logo\/image\/","url":"https:\/\/www.tadig.es\/blog\/wp-content\/uploads\/2019\/06\/logo-tadig-1.png","contentUrl":"https:\/\/www.tadig.es\/blog\/wp-content\/uploads\/2019\/06\/logo-tadig-1.png","width":96,"height":50,"caption":"TADIG"},"image":{"@id":"https:\/\/www.tadig.es\/blog\/#\/schema\/logo\/image\/"},"sameAs":["https:\/\/x.com\/tacografo_Tadig"]},{"@type":"Person","@id":"https:\/\/www.tadig.es\/blog\/#\/schema\/person\/29a1dfcb5137be6081eb6e4c9ed8d6fe","name":"Adela de TADIG","image":{"@type":"ImageObject","inLanguage":"es","@id":"https:\/\/www.tadig.es\/blog\/#\/schema\/person\/image\/","url":"https:\/\/secure.gravatar.com\/avatar\/3ad342a6fbf09eec649bc8e9f907ff41284a39edc7c3bab111671e2012819067?s=96&d=mm&r=g","contentUrl":"https:\/\/secure.gravatar.com\/avatar\/3ad342a6fbf09eec649bc8e9f907ff41284a39edc7c3bab111671e2012819067?s=96&d=mm&r=g","caption":"Adela de TADIG"}}]}},"_links":{"self":[{"href":"https:\/\/www.tadig.es\/blog\/wp-json\/wp\/v2\/posts\/5047","targetHints":{"allow":["GET"]}}],"collection":[{"href":"https:\/\/www.tadig.es\/blog\/wp-json\/wp\/v2\/posts"}],"about":[{"href":"https:\/\/www.tadig.es\/blog\/wp-json\/wp\/v2\/types\/post"}],"author":[{"embeddable":true,"href":"https:\/\/www.tadig.es\/blog\/wp-json\/wp\/v2\/users\/4"}],"replies":[{"embeddable":true,"href":"https:\/\/www.tadig.es\/blog\/wp-json\/wp\/v2\/comments?post=5047"}],"version-history":[{"count":0,"href":"https:\/\/www.tadig.es\/blog\/wp-json\/wp\/v2\/posts\/5047\/revisions"}],"wp:featuredmedia":[{"embeddable":true,"href":"https:\/\/www.tadig.es\/blog\/wp-json\/wp\/v2\/media\/5049"}],"wp:attachment":[{"href":"https:\/\/www.tadig.es\/blog\/wp-json\/wp\/v2\/media?parent=5047"}],"wp:term":[{"taxonomy":"category","embeddable":true,"href":"https:\/\/www.tadig.es\/blog\/wp-json\/wp\/v2\/categories?post=5047"},{"taxonomy":"post_tag","embeddable":true,"href":"https:\/\/www.tadig.es\/blog\/wp-json\/wp\/v2\/tags?post=5047"}],"curies":[{"name":"wp","href":"https:\/\/api.w.org\/{rel}","templated":true}]}}