



{"id":4614,"date":"2023-01-09T09:00:00","date_gmt":"2023-01-09T08:00:00","guid":{"rendered":"https:\/\/www.tadig.es\/blog\/?p=4614"},"modified":"2023-09-28T10:47:18","modified_gmt":"2023-09-28T08:47:18","slug":"normativa-euro-7","status":"publish","type":"post","link":"https:\/\/www.tadig.es\/blog\/normativa-euro-7\/","title":{"rendered":"Normativa Euro 7 \u00bfC\u00f3mo afecta a mi empresa de transporte?"},"content":{"rendered":"\n<p>La Comisi\u00f3n de Transporte de la Uni\u00f3n Europea present\u00f3 el pasado noviembre de 2022, la normativa Euro 7 que limita las emisiones de los veh\u00edculos a la atm\u00f3sfera, controlando tambi\u00e9n las emisiones de los frenos y las ruedas. Recientemente se han modificado las fechas de entrada en vigor.<\/p>\n\n\n\n<p>En este art\u00edculo actualizamos fechas e indicamos c\u00f3mo interviene la Euro 7 en los veh\u00edculos de transporte de viajeros y mercanc\u00edas.<\/p>\n\n\n\n<h2 class=\"wp-block-heading\">\u00bfQu\u00e9 contiene la Norma Euro 7?<\/h2>\n\n\n\n<p>La normativa Euro 7 fija los l\u00edmites m\u00e1ximos contaminantes de los veh\u00edculos gasolina y di\u00e9sel a partir de 2027, con un apunte importante, tambi\u00e9n limita las emisiones que se producen por los frenos y las ruedas.<\/p>\n\n\n\n<p>El objetivo es reducir las emisiones de NOx (grupo de gases muy reactivos como \u00f3xido n\u00edtrico NO y di\u00f3xido de nitr\u00f3geno NO2) en coches y veh\u00edculos comerciales ligeros en un 35% y para camiones y autobuses en un 56%. Este tipo de gases son emitidos principalmente por el tubo de escape, unidos a los conocidos CO y CO2, producen un efecto muy contaminante que la UE quiere reducir de forma impactante y que ya nos ven\u00eda advirtiendo la norma anterior Euro 6.<\/p>\n\n\n\n<p>La normativa Euro 7 indica en su contenido el l\u00edmite de 60mg\/km de NOx aplicado tanto a veh\u00edculos gasolina como a di\u00e9sel. En la Euro 6 los motores de gasolina ya ten\u00edan que cumplir este requisito, pero recogiendo tambi\u00e9n los motores di\u00e9sel en la Euro 7, las grandes marcas redirigen sus esfuerzos para adaptar los motores de combusti\u00f3n en h\u00edbridos. Se estima que para coches y furgonetas reacondicionarlas supondr\u00e1 120\u20ac de media, mientras que para camiones y autobuses supondr\u00e1 un gasto de 2700\u20ac de media y dependiendo del veh\u00edculo.<\/p>\n\n\n\n<p>Los frenos y las ruedas tambi\u00e9n emiten part\u00edculas contaminantes NOx, con muchas especificaciones diferentes para cada veh\u00edculo. Los l\u00edmites para emisiones de polvo de frenos de veh\u00edculos de hasta 3,5 toneladas se establecen en 7mg\/km hasta 2035, despu\u00e9s se reducir\u00e1n a 3mg\/km, aunque por ahora no se ha establecido un baremo para las emisiones de neum\u00e1ticos, al coexistir tantos tama\u00f1os y tipos.<\/p>\n\n\n\n<h2 class=\"wp-block-heading\">Euro 7 y fechas de consolidaci\u00f3n<\/h2>\n\n\n\n<p>La norma Euro 7 entra en vigor en 2027 para turismos y furgonetas, para camiones y autobuses en 2029.<\/p>\n\n\n\n<p>Recordamos que la UE proh\u00edbe los motores de combusti\u00f3n interna a partir de 2035. Con la mirada puesta en las cero emisiones supone una dr\u00e1stica bajada en las emisiones de gases contaminantes y nocivos, que cada a\u00f1o provocan m\u00e1s muertes prematuras y enfermedades pulmonares.<\/p>\n\n\n\n<h2 class=\"wp-block-heading\">Normativa Euro 7 aplicado a las empresas de transporte<\/h2>\n\n\n\n<p>Como venimos apreciando en diferentes normativas y aplicaciones de \u00e1mbito europeo en los \u00faltimos a\u00f1os, se est\u00e1 apostando por la hibridaci\u00f3n y sobre todo por la electrificaci\u00f3n, todo apunta a que en 2035 en la UE todo veh\u00edculo a motor sea principalmente el\u00e9ctrico.<\/p>\n\n\n\n<p>El sector transportes viendo acercarse el momento de dar el salto a componentes el\u00e9ctricos de forma urgente, pone el foco en la UE que para contrarrestar ofrecen ayudas de las que pueden beneficiarse las empresas que se dedican al transporte de mercanc\u00edas, pues a d\u00eda de hoy existen varias <a href=\"https:\/\/www.tadig.es\/blog\/digitalizar-sector-transportes\/\">razones para digitalizar el sector transportes.<\/a><\/p>\n\n\n\n<h2 class=\"wp-block-heading\">Conclusi\u00f3n<\/h2>\n\n\n\n<p>La Euro 7 no es tan restrictiva para los fabricantes de autom\u00f3viles, pero s\u00ed para veh\u00edculos comerciales (camiones y autobuses) pues endurece los objetivos previstos a 7 a\u00f1os, tiempo en el que el sector tendr\u00e1 que adaptarse para poder seguir participando en el mercado europeo.<\/p>\n\n\n<div class=\"su-box-content green\"><span class=\"su-box-title\">Art\u00edculos relacionados:<\/span><\/p>\n<ul>\n<li><a href=\"https:\/\/www.tadig.es\/blog\/ue-cargadores-electricos-60-km\/\">La UE quiere cargadores el\u00e9ctricos cada 60 km<\/a><\/li>\n<li><a href=\"https:\/\/www.tadig.es\/blog\/regimen-sancionador-de-la-morosidad-en-transportes\/\">R\u00e9gimen sancionador de la morosidad en transportes y baremo sancionador<\/a><\/li>\n<li><a href=\"https:\/\/www.tadig.es\/blog\/requisitos-para-ser-transportista-autonomo\/\">Requisitos para ser transportista aut\u00f3nomo<\/a><\/li>\n<\/ul>\n<\/div>","protected":false},"excerpt":{"rendered":"<p>La Comisi\u00f3n de Transporte de la Uni\u00f3n Europea present\u00f3 el pasado noviembre de 2022, la normativa Euro 7 que limita las emisiones de los veh\u00edculos a la atm\u00f3sfera, controlando tambi\u00e9n las emisiones de los frenos y las ruedas. Recientemente se han modificado las fechas de entrada en vigor. En este art\u00edculo actualizamos fechas e indicamos&hellip;&nbsp;<\/p>\n<div class=\"read-more-wrapper\"><a href=\"https:\/\/www.tadig.es\/blog\/normativa-euro-7\/\" class=\"button button-primary\" rel=\"bookmark\">Seguir leyendo \u00bb<span class=\"screen-reader-text\">Normativa Euro 7 \u00bfC\u00f3mo afecta a mi empresa de transporte?<\/span><\/a><\/div>\n","protected":false},"author":4,"featured_media":4615,"comment_status":"open","ping_status":"closed","sticky":false,"template":"","format":"standard","meta":{"neve_meta_sidebar":"","neve_meta_container":"","neve_meta_enable_content_width":"","neve_meta_content_width":0,"neve_meta_title_alignment":"","neve_meta_author_avatar":"","neve_post_elements_order":"","neve_meta_disable_header":"","neve_meta_disable_footer":"","neve_meta_disable_title":"","neve_meta_reading_time":"","footnotes":""},"categories":[62],"tags":[289,63,174,171,168,167,166,169,170,173],"class_list":["post-4614","post","type-post","status-publish","format-standard","has-post-thumbnail","hentry","category-actualidad-del-transporte","tag-2029-camiones","tag-actualidad-del-transporte","tag-cero-emisiones","tag-co2","tag-emisiones-contaminantes","tag-euro-7","tag-norma-euro-7","tag-normativa-europea","tag-nox","tag-reduccion-gases-a-la-atmosfera"],"yoast_head":"<!-- This site is optimized with the Yoast SEO plugin v27.1.1 - https:\/\/yoast.com\/product\/yoast-seo-wordpress\/ -->\n<title>Normativa Euro 7 \u00bfC\u00f3mo afecta a mi empresa de transporte? - TADIG | Blog<\/title>\n<meta name=\"description\" content=\"En este art\u00edculo repasamos c\u00f3mo interviene la Euro 7 en los veh\u00edculos de transporte de viajeros y mercanc\u00edas...\" \/>\n<meta name=\"robots\" content=\"index, follow, max-snippet:-1, max-image-preview:large, max-video-preview:-1\" \/>\n<link rel=\"canonical\" href=\"https:\/\/www.tadig.es\/blog\/normativa-euro-7\/\" \/>\n<meta property=\"og:locale\" content=\"es_ES\" \/>\n<meta property=\"og:type\" content=\"article\" \/>\n<meta property=\"og:title\" content=\"Normativa Euro 7 \u00bfC\u00f3mo afecta a mi empresa de transporte?\" \/>\n<meta property=\"og:description\" content=\"La Comisi\u00f3n de Transporte de la Uni\u00f3n Europea present\u00f3 el pasado noviembre de 2022, la normativa Euro 7 que limita las emisiones de los veh\u00edculos a la atm\u00f3sfera, controlando tambi\u00e9n las emisiones de los frenos y las ruedas...\" \/>\n<meta property=\"og:url\" content=\"https:\/\/www.tadig.es\/blog\/normativa-euro-7\/\" \/>\n<meta property=\"og:site_name\" content=\"TADIG | Blog\" \/>\n<meta property=\"article:published_time\" content=\"2023-01-09T08:00:00+00:00\" \/>\n<meta property=\"article:modified_time\" content=\"2023-09-28T08:47:18+00:00\" \/>\n<meta property=\"og:image\" content=\"https:\/\/www.tadig.es\/blog\/wp-content\/uploads\/2023\/01\/Euro7_TADIG-1.jpg\" \/>\n\t<meta property=\"og:image:width\" content=\"800\" \/>\n\t<meta property=\"og:image:height\" content=\"527\" \/>\n\t<meta property=\"og:image:type\" content=\"image\/jpeg\" \/>\n<meta name=\"author\" content=\"Adela de TADIG\" \/>\n<meta name=\"twitter:card\" content=\"summary_large_image\" \/>\n<meta name=\"twitter:title\" content=\"Normativa Euro 7 \u00bfC\u00f3mo afecta a mi empresa de transporte?\" \/>\n<meta name=\"twitter:description\" content=\"\ud83d\udc49\u200a\u00bfQu\u00e9 contiene la Norma Euro 7? \u2705\u200aEuro 7 y fechas de consolidaci\u00f3n \u2733\ufe0f\u200aEuro 7 aplicado a las empresas de transporte v\u00eda @tacografo_tadig\" \/>\n<meta name=\"twitter:image\" content=\"https:\/\/www.tadig.es\/blog\/wp-content\/uploads\/2023\/01\/Euro7_TADIG-1.jpg\" \/>\n<meta name=\"twitter:creator\" content=\"@tacografo_Tadig\" \/>\n<meta name=\"twitter:site\" content=\"@tacografo_Tadig\" \/>\n<meta name=\"twitter:label1\" content=\"Escrito por\" \/>\n\t<meta name=\"twitter:data1\" content=\"Adela de TADIG\" \/>\n\t<meta name=\"twitter:label2\" content=\"Tiempo de lectura\" \/>\n\t<meta name=\"twitter:data2\" content=\"3 minutos\" \/>\n<script type=\"application\/ld+json\" class=\"yoast-schema-graph\">{\"@context\":\"https:\/\/schema.org\",\"@graph\":[{\"@type\":\"Article\",\"@id\":\"https:\/\/www.tadig.es\/blog\/normativa-euro-7\/#article\",\"isPartOf\":{\"@id\":\"https:\/\/www.tadig.es\/blog\/normativa-euro-7\/\"},\"author\":{\"name\":\"Adela de TADIG\",\"@id\":\"https:\/\/www.tadig.es\/blog\/#\/schema\/person\/29a1dfcb5137be6081eb6e4c9ed8d6fe\"},\"headline\":\"Normativa Euro 7 \u00bfC\u00f3mo afecta a mi empresa de transporte?\",\"datePublished\":\"2023-01-09T08:00:00+00:00\",\"dateModified\":\"2023-09-28T08:47:18+00:00\",\"mainEntityOfPage\":{\"@id\":\"https:\/\/www.tadig.es\/blog\/normativa-euro-7\/\"},\"wordCount\":637,\"commentCount\":0,\"publisher\":{\"@id\":\"https:\/\/www.tadig.es\/blog\/#organization\"},\"image\":{\"@id\":\"https:\/\/www.tadig.es\/blog\/normativa-euro-7\/#primaryimage\"},\"thumbnailUrl\":\"https:\/\/www.tadig.es\/blog\/wp-content\/uploads\/2023\/01\/Euro7_TADIG-1.jpg\",\"keywords\":[\"2029 camiones\",\"actualidad del transporte\",\"cero emisiones\",\"CO2\",\"emisiones contaminantes\",\"euro 7\",\"norma euro 7\",\"normativa europea\",\"NOx\",\"reducci\u00f3n gases a la atm\u00f3sfera\"],\"articleSection\":[\"Actualidad del transporte\"],\"inLanguage\":\"es\",\"potentialAction\":[{\"@type\":\"CommentAction\",\"name\":\"Comment\",\"target\":[\"https:\/\/www.tadig.es\/blog\/normativa-euro-7\/#respond\"]}]},{\"@type\":\"WebPage\",\"@id\":\"https:\/\/www.tadig.es\/blog\/normativa-euro-7\/\",\"url\":\"https:\/\/www.tadig.es\/blog\/normativa-euro-7\/\",\"name\":\"Normativa Euro 7 \u00bfC\u00f3mo afecta a mi empresa de transporte? - TADIG | Blog\",\"isPartOf\":{\"@id\":\"https:\/\/www.tadig.es\/blog\/#website\"},\"primaryImageOfPage\":{\"@id\":\"https:\/\/www.tadig.es\/blog\/normativa-euro-7\/#primaryimage\"},\"image\":{\"@id\":\"https:\/\/www.tadig.es\/blog\/normativa-euro-7\/#primaryimage\"},\"thumbnailUrl\":\"https:\/\/www.tadig.es\/blog\/wp-content\/uploads\/2023\/01\/Euro7_TADIG-1.jpg\",\"datePublished\":\"2023-01-09T08:00:00+00:00\",\"dateModified\":\"2023-09-28T08:47:18+00:00\",\"description\":\"En este art\u00edculo repasamos c\u00f3mo interviene la Euro 7 en los veh\u00edculos de transporte de viajeros y mercanc\u00edas...\",\"breadcrumb\":{\"@id\":\"https:\/\/www.tadig.es\/blog\/normativa-euro-7\/#breadcrumb\"},\"inLanguage\":\"es\",\"potentialAction\":[{\"@type\":\"ReadAction\",\"target\":[\"https:\/\/www.tadig.es\/blog\/normativa-euro-7\/\"]}]},{\"@type\":\"ImageObject\",\"inLanguage\":\"es\",\"@id\":\"https:\/\/www.tadig.es\/blog\/normativa-euro-7\/#primaryimage\",\"url\":\"https:\/\/www.tadig.es\/blog\/wp-content\/uploads\/2023\/01\/Euro7_TADIG-1.jpg\",\"contentUrl\":\"https:\/\/www.tadig.es\/blog\/wp-content\/uploads\/2023\/01\/Euro7_TADIG-1.jpg\",\"width\":800,\"height\":527,\"caption\":\"Normativa Euro 7 \u00bfC\u00f3mo afecta a mi empresa de transporte? TADIG\"},{\"@type\":\"BreadcrumbList\",\"@id\":\"https:\/\/www.tadig.es\/blog\/normativa-euro-7\/#breadcrumb\",\"itemListElement\":[{\"@type\":\"ListItem\",\"position\":1,\"name\":\"Blog\",\"item\":\"https:\/\/www.tadig.es\/blog\/\"},{\"@type\":\"ListItem\",\"position\":2,\"name\":\"Normativa Euro 7 \u00bfC\u00f3mo afecta a mi empresa de transporte?\"}]},{\"@type\":\"WebSite\",\"@id\":\"https:\/\/www.tadig.es\/blog\/#website\",\"url\":\"https:\/\/www.tadig.es\/blog\/\",\"name\":\"TADIG | Blog\",\"description\":\"Todo lo que necesitas saber sobre el tac\u00f3grafo digital.\",\"publisher\":{\"@id\":\"https:\/\/www.tadig.es\/blog\/#organization\"},\"potentialAction\":[{\"@type\":\"SearchAction\",\"target\":{\"@type\":\"EntryPoint\",\"urlTemplate\":\"https:\/\/www.tadig.es\/blog\/?s={search_term_string}\"},\"query-input\":{\"@type\":\"PropertyValueSpecification\",\"valueRequired\":true,\"valueName\":\"search_term_string\"}}],\"inLanguage\":\"es\"},{\"@type\":\"Organization\",\"@id\":\"https:\/\/www.tadig.es\/blog\/#organization\",\"name\":\"TADIG\",\"url\":\"https:\/\/www.tadig.es\/blog\/\",\"logo\":{\"@type\":\"ImageObject\",\"inLanguage\":\"es\",\"@id\":\"https:\/\/www.tadig.es\/blog\/#\/schema\/logo\/image\/\",\"url\":\"https:\/\/www.tadig.es\/blog\/wp-content\/uploads\/2019\/06\/logo-tadig-1.png\",\"contentUrl\":\"https:\/\/www.tadig.es\/blog\/wp-content\/uploads\/2019\/06\/logo-tadig-1.png\",\"width\":96,\"height\":50,\"caption\":\"TADIG\"},\"image\":{\"@id\":\"https:\/\/www.tadig.es\/blog\/#\/schema\/logo\/image\/\"},\"sameAs\":[\"https:\/\/x.com\/tacografo_Tadig\"]},{\"@type\":\"Person\",\"@id\":\"https:\/\/www.tadig.es\/blog\/#\/schema\/person\/29a1dfcb5137be6081eb6e4c9ed8d6fe\",\"name\":\"Adela de TADIG\",\"image\":{\"@type\":\"ImageObject\",\"inLanguage\":\"es\",\"@id\":\"https:\/\/www.tadig.es\/blog\/#\/schema\/person\/image\/\",\"url\":\"https:\/\/secure.gravatar.com\/avatar\/3ad342a6fbf09eec649bc8e9f907ff41284a39edc7c3bab111671e2012819067?s=96&d=mm&r=g\",\"contentUrl\":\"https:\/\/secure.gravatar.com\/avatar\/3ad342a6fbf09eec649bc8e9f907ff41284a39edc7c3bab111671e2012819067?s=96&d=mm&r=g\",\"caption\":\"Adela de TADIG\"}}]}<\/script>\n<!-- \/ Yoast SEO plugin. -->","yoast_head_json":{"title":"Normativa Euro 7 \u00bfC\u00f3mo afecta a mi empresa de transporte? - TADIG | Blog","description":"En este art\u00edculo repasamos c\u00f3mo interviene la Euro 7 en los veh\u00edculos de transporte de viajeros y mercanc\u00edas...","robots":{"index":"index","follow":"follow","max-snippet":"max-snippet:-1","max-image-preview":"max-image-preview:large","max-video-preview":"max-video-preview:-1"},"canonical":"https:\/\/www.tadig.es\/blog\/normativa-euro-7\/","og_locale":"es_ES","og_type":"article","og_title":"Normativa Euro 7 \u00bfC\u00f3mo afecta a mi empresa de transporte?","og_description":"La Comisi\u00f3n de Transporte de la Uni\u00f3n Europea present\u00f3 el pasado noviembre de 2022, la normativa Euro 7 que limita las emisiones de los veh\u00edculos a la atm\u00f3sfera, controlando tambi\u00e9n las emisiones de los frenos y las ruedas...","og_url":"https:\/\/www.tadig.es\/blog\/normativa-euro-7\/","og_site_name":"TADIG | Blog","article_published_time":"2023-01-09T08:00:00+00:00","article_modified_time":"2023-09-28T08:47:18+00:00","og_image":[{"width":800,"height":527,"url":"https:\/\/www.tadig.es\/blog\/wp-content\/uploads\/2023\/01\/Euro7_TADIG-1.jpg","type":"image\/jpeg"}],"author":"Adela de TADIG","twitter_card":"summary_large_image","twitter_title":"Normativa Euro 7 \u00bfC\u00f3mo afecta a mi empresa de transporte?","twitter_description":"\ud83d\udc49\u200a\u00bfQu\u00e9 contiene la Norma Euro 7? \u2705\u200aEuro 7 y fechas de consolidaci\u00f3n \u2733\ufe0f\u200aEuro 7 aplicado a las empresas de transporte v\u00eda @tacografo_tadig","twitter_image":"https:\/\/www.tadig.es\/blog\/wp-content\/uploads\/2023\/01\/Euro7_TADIG-1.jpg","twitter_creator":"@tacografo_Tadig","twitter_site":"@tacografo_Tadig","twitter_misc":{"Escrito por":"Adela de TADIG","Tiempo de lectura":"3 minutos"},"schema":{"@context":"https:\/\/schema.org","@graph":[{"@type":"Article","@id":"https:\/\/www.tadig.es\/blog\/normativa-euro-7\/#article","isPartOf":{"@id":"https:\/\/www.tadig.es\/blog\/normativa-euro-7\/"},"author":{"name":"Adela de TADIG","@id":"https:\/\/www.tadig.es\/blog\/#\/schema\/person\/29a1dfcb5137be6081eb6e4c9ed8d6fe"},"headline":"Normativa Euro 7 \u00bfC\u00f3mo afecta a mi empresa de transporte?","datePublished":"2023-01-09T08:00:00+00:00","dateModified":"2023-09-28T08:47:18+00:00","mainEntityOfPage":{"@id":"https:\/\/www.tadig.es\/blog\/normativa-euro-7\/"},"wordCount":637,"commentCount":0,"publisher":{"@id":"https:\/\/www.tadig.es\/blog\/#organization"},"image":{"@id":"https:\/\/www.tadig.es\/blog\/normativa-euro-7\/#primaryimage"},"thumbnailUrl":"https:\/\/www.tadig.es\/blog\/wp-content\/uploads\/2023\/01\/Euro7_TADIG-1.jpg","keywords":["2029 camiones","actualidad del transporte","cero emisiones","CO2","emisiones contaminantes","euro 7","norma euro 7","normativa europea","NOx","reducci\u00f3n gases a la atm\u00f3sfera"],"articleSection":["Actualidad del transporte"],"inLanguage":"es","potentialAction":[{"@type":"CommentAction","name":"Comment","target":["https:\/\/www.tadig.es\/blog\/normativa-euro-7\/#respond"]}]},{"@type":"WebPage","@id":"https:\/\/www.tadig.es\/blog\/normativa-euro-7\/","url":"https:\/\/www.tadig.es\/blog\/normativa-euro-7\/","name":"Normativa Euro 7 \u00bfC\u00f3mo afecta a mi empresa de transporte? - TADIG | Blog","isPartOf":{"@id":"https:\/\/www.tadig.es\/blog\/#website"},"primaryImageOfPage":{"@id":"https:\/\/www.tadig.es\/blog\/normativa-euro-7\/#primaryimage"},"image":{"@id":"https:\/\/www.tadig.es\/blog\/normativa-euro-7\/#primaryimage"},"thumbnailUrl":"https:\/\/www.tadig.es\/blog\/wp-content\/uploads\/2023\/01\/Euro7_TADIG-1.jpg","datePublished":"2023-01-09T08:00:00+00:00","dateModified":"2023-09-28T08:47:18+00:00","description":"En este art\u00edculo repasamos c\u00f3mo interviene la Euro 7 en los veh\u00edculos de transporte de viajeros y mercanc\u00edas...","breadcrumb":{"@id":"https:\/\/www.tadig.es\/blog\/normativa-euro-7\/#breadcrumb"},"inLanguage":"es","potentialAction":[{"@type":"ReadAction","target":["https:\/\/www.tadig.es\/blog\/normativa-euro-7\/"]}]},{"@type":"ImageObject","inLanguage":"es","@id":"https:\/\/www.tadig.es\/blog\/normativa-euro-7\/#primaryimage","url":"https:\/\/www.tadig.es\/blog\/wp-content\/uploads\/2023\/01\/Euro7_TADIG-1.jpg","contentUrl":"https:\/\/www.tadig.es\/blog\/wp-content\/uploads\/2023\/01\/Euro7_TADIG-1.jpg","width":800,"height":527,"caption":"Normativa Euro 7 \u00bfC\u00f3mo afecta a mi empresa de transporte? TADIG"},{"@type":"BreadcrumbList","@id":"https:\/\/www.tadig.es\/blog\/normativa-euro-7\/#breadcrumb","itemListElement":[{"@type":"ListItem","position":1,"name":"Blog","item":"https:\/\/www.tadig.es\/blog\/"},{"@type":"ListItem","position":2,"name":"Normativa Euro 7 \u00bfC\u00f3mo afecta a mi empresa de transporte?"}]},{"@type":"WebSite","@id":"https:\/\/www.tadig.es\/blog\/#website","url":"https:\/\/www.tadig.es\/blog\/","name":"TADIG | Blog","description":"Todo lo que necesitas saber sobre el tac\u00f3grafo digital.","publisher":{"@id":"https:\/\/www.tadig.es\/blog\/#organization"},"potentialAction":[{"@type":"SearchAction","target":{"@type":"EntryPoint","urlTemplate":"https:\/\/www.tadig.es\/blog\/?s={search_term_string}"},"query-input":{"@type":"PropertyValueSpecification","valueRequired":true,"valueName":"search_term_string"}}],"inLanguage":"es"},{"@type":"Organization","@id":"https:\/\/www.tadig.es\/blog\/#organization","name":"TADIG","url":"https:\/\/www.tadig.es\/blog\/","logo":{"@type":"ImageObject","inLanguage":"es","@id":"https:\/\/www.tadig.es\/blog\/#\/schema\/logo\/image\/","url":"https:\/\/www.tadig.es\/blog\/wp-content\/uploads\/2019\/06\/logo-tadig-1.png","contentUrl":"https:\/\/www.tadig.es\/blog\/wp-content\/uploads\/2019\/06\/logo-tadig-1.png","width":96,"height":50,"caption":"TADIG"},"image":{"@id":"https:\/\/www.tadig.es\/blog\/#\/schema\/logo\/image\/"},"sameAs":["https:\/\/x.com\/tacografo_Tadig"]},{"@type":"Person","@id":"https:\/\/www.tadig.es\/blog\/#\/schema\/person\/29a1dfcb5137be6081eb6e4c9ed8d6fe","name":"Adela de TADIG","image":{"@type":"ImageObject","inLanguage":"es","@id":"https:\/\/www.tadig.es\/blog\/#\/schema\/person\/image\/","url":"https:\/\/secure.gravatar.com\/avatar\/3ad342a6fbf09eec649bc8e9f907ff41284a39edc7c3bab111671e2012819067?s=96&d=mm&r=g","contentUrl":"https:\/\/secure.gravatar.com\/avatar\/3ad342a6fbf09eec649bc8e9f907ff41284a39edc7c3bab111671e2012819067?s=96&d=mm&r=g","caption":"Adela de TADIG"}}]}},"_links":{"self":[{"href":"https:\/\/www.tadig.es\/blog\/wp-json\/wp\/v2\/posts\/4614","targetHints":{"allow":["GET"]}}],"collection":[{"href":"https:\/\/www.tadig.es\/blog\/wp-json\/wp\/v2\/posts"}],"about":[{"href":"https:\/\/www.tadig.es\/blog\/wp-json\/wp\/v2\/types\/post"}],"author":[{"embeddable":true,"href":"https:\/\/www.tadig.es\/blog\/wp-json\/wp\/v2\/users\/4"}],"replies":[{"embeddable":true,"href":"https:\/\/www.tadig.es\/blog\/wp-json\/wp\/v2\/comments?post=4614"}],"version-history":[{"count":2,"href":"https:\/\/www.tadig.es\/blog\/wp-json\/wp\/v2\/posts\/4614\/revisions"}],"predecessor-version":[{"id":5664,"href":"https:\/\/www.tadig.es\/blog\/wp-json\/wp\/v2\/posts\/4614\/revisions\/5664"}],"wp:featuredmedia":[{"embeddable":true,"href":"https:\/\/www.tadig.es\/blog\/wp-json\/wp\/v2\/media\/4615"}],"wp:attachment":[{"href":"https:\/\/www.tadig.es\/blog\/wp-json\/wp\/v2\/media?parent=4614"}],"wp:term":[{"taxonomy":"category","embeddable":true,"href":"https:\/\/www.tadig.es\/blog\/wp-json\/wp\/v2\/categories?post=4614"},{"taxonomy":"post_tag","embeddable":true,"href":"https:\/\/www.tadig.es\/blog\/wp-json\/wp\/v2\/tags?post=4614"}],"curies":[{"name":"wp","href":"https:\/\/api.w.org\/{rel}","templated":true}]}}