



{"id":4167,"date":"2022-10-24T09:00:00","date_gmt":"2022-10-24T07:00:00","guid":{"rendered":"https:\/\/www.tadig.es\/blog\/?p=4167"},"modified":"2022-10-20T10:58:11","modified_gmt":"2022-10-20T08:58:11","slug":"ue-cargadores-electricos-60-km","status":"publish","type":"post","link":"https:\/\/www.tadig.es\/blog\/ue-cargadores-electricos-60-km\/","title":{"rendered":"La UE quiere cargadores el\u00e9ctricos cada 60 km"},"content":{"rendered":"\n<p>Las medidas contra el cambio clim\u00e1tico que la Uni\u00f3n Europea est\u00e1 adoptando de cara a un futuro m\u00e1s verde, afectan en mayor medida al sector del transporte. En esta \u00faltima norma de obligado cumplimiento, se introducen los <strong>cargadores el\u00e9ctricos<\/strong> y d\u00f3nde recargar la bater\u00eda de nuestro veh\u00edculo cada 60 km en todo territorio Europeo.<\/p>\n\n\n\n<p>Destacamos en este art\u00edculo esta \u00faltima novedad, cu\u00e1ndo se empezar\u00e1 a aplicar y los retos a los que se enfrenta Espa\u00f1a para aplicar esta ley.<\/p>\n\n\n\n<h2 class=\"wp-block-heading\">Ley de UE del cargador el\u00e9ctrico<\/h2>\n\n\n\n<p>Esta medida que forma parte del paquete \u201c<a href=\"https:\/\/www.consilium.europa.eu\/es\/policies\/green-deal\/fit-for-55-the-eu-plan-for-a-green-transition\/\">Fit for 55<\/a>\u201d(Objetivo 55) viene desde 2021 con la intenci\u00f3n de dar el empuj\u00f3n final al despliegue de veh\u00edculos el\u00e9ctricos. La ley exige la instalaci\u00f3n de puntos de recarga r\u00e1pida para coches el\u00e9ctricos cada 60 km en las principales carreteras de la Uni\u00f3n Europea.<\/p>\n\n\n\n<p>Dentro de este paquete de medidas Objetivo 55, la meta final deseada es lograr la neutralidad clim\u00e1tica en 2050. La implantaci\u00f3n de esta ley ser\u00e1 en 2030, siguiendo la estrategia de descarbonizaci\u00f3n impulsada en las pr\u00f3ximas d\u00e9cadas.<\/p>\n\n\n\n<p>La infraestructura que se propone para la carga de los veh\u00edculos el\u00e9ctricos es el reto al que se enfrenta nuestro pa\u00eds. Un problema a\u00f1adido son la capacidad y autonom\u00eda de los veh\u00edculos el\u00e9ctricos que suponen tambi\u00e9n un precario equilibrio con la norma establecida de los cargadores. Todo ello se conoce como \u201cansiedad energ\u00e9tica\u201d.<\/p>\n\n\n\n<p>Una ley que tambi\u00e9n tiene su apoyo en un <a href=\"https:\/\/www.boe.es\/diario_boe\/txt.php?id=BOE-A-2021-21096\">Real Decreto 29\/2021<\/a> que indica instalar puntos de recarga de bater\u00edas de veh\u00edculos el\u00e9ctricos en determinados espacios p\u00fablicos, y que tambi\u00e9n ser\u00e1 de obligado cumplimiento.<\/p>\n\n\n\n<h2 class=\"wp-block-heading\">Cargadores el\u00e9ctricos y repostaje de hidr\u00f3geno<\/h2>\n\n\n\n<p>Queriendo llegar a m\u00e1s del 55% de veh\u00edculos sostenibles en Europa en 2030, no es de extra\u00f1ar que al <strong>cargador el\u00e9ctrico<\/strong> le saliera competidor, uno que de echo ya lleva m\u00e1s tiempo en el mercado y al que por desgracia no se le ha destacado hasta ahora.<\/p>\n\n\n\n<p>El uso de hidr\u00f3geno como combustible no es una idea nueva, pero s\u00ed que puede competir con el uso del coche el\u00e9ctrico e incluso h\u00edbrido, hacia esa meta europea de futuro ecosostenible. El repostaje se realiza por kilos en vez de por litros, con autonom\u00eda del veh\u00edculo en algunos casos de 500km, el resto nos resultar\u00e1 muy familiar para repostar.<\/p>\n\n\n\n<p>En Espa\u00f1a existen menos de 10 hidrogeneras una cifra que tendr\u00e1 que cambiar en 2030 pues tiene que llegar a 100, medida tambi\u00e9n incluida en este plan. Como apreciamos, tanto los <strong>cargadores el\u00e9ctricos<\/strong> como los de hidr\u00f3geno en un futuro pr\u00f3ximo tendr\u00e1n que desarrollarse al mismo tiempo.<\/p>\n\n\n\n<h2 class=\"wp-block-heading\">Sector transportes y conversi\u00f3n sostenible el\u00e9ctrica<\/h2>\n\n\n\n<p>La recarga de veh\u00edculos pesados el\u00e9ctricos y el repostaje de hidr\u00f3geno en la <strong>Ley de cargadores de la UE<\/strong> se estimar\u00e1n viendo el desarrollo de los veh\u00edculos ligeros y el mercado que de forma gradual implantar\u00e1 la infraestructura.<\/p>\n\n\n\n<p>Teniendo en cuenta dos puntos principales:<\/p>\n\n\n\n<ul class=\"wp-block-list\"><li><strong>F\u00e1cil repostaje o facilidades de uso<\/strong> tanto en la el\u00e9ctrica como en la de hidr\u00f3geno, en relaci\u00f3n con opciones de pago e indicaci\u00f3n de precios.<\/li><li><strong>Compatibilidad de recarga con diversidad de situaciones sobre el terreno<\/strong>, es decir, las infraestructuras estar\u00e1n adaptadas tanto en rutas muy transitadas como en carreteras con poco tr\u00e1fico.<\/li><\/ul>\n\n\n\n<h2 class=\"wp-block-heading\">Conclusi\u00f3n<\/h2>\n\n\n\n<p>Aunque la <strong>ley de cargadores cada 60 km de la Uni\u00f3n Europea<\/strong> a\u00fan queda lejos en el calendario, los veh\u00edculos pesados tienen una revisi\u00f3n a medio plazo del texto, pues existe una cl\u00e1usula espec\u00edfica para consensuar este texto, ya que muchas de las implantaciones tecnol\u00f3gicas de veh\u00edculos ligeros tardan un poco m\u00e1s en llegar a los veh\u00edculos pesados.<\/p>\n\n\n<div class=\"su-box-content green\"><span class=\"su-box-title\">Art\u00edculos relacionados:<\/span>\n<ul>\n<li><a href=\"https:\/\/www.tadig.es\/blog\/drones-sector-transporte-logistica\/\">Drones en el Sector Transporte y Log\u00edstica<\/a><\/li>\n<li><a href=\"https:\/\/www.tadig.es\/blog\/claves-conduccion-eficiente-vehiculos-industriales\/\">Claves de la conducci\u00f3n eficiente en veh\u00edculos industriales<\/a><\/li>\n<li><a href=\"https:\/\/www.tadig.es\/blog\/aparcamientos-seguros-camiones-es-eu\/\">Aparcamientos seguros para camiones ES-EU<\/a><\/li>\n<\/ul>\n<\/div>","protected":false},"excerpt":{"rendered":"<p>Las medidas contra el cambio clim\u00e1tico que la Uni\u00f3n Europea est\u00e1 adoptando de cara a un futuro m\u00e1s verde, afectan en mayor medida al sector del transporte. En esta \u00faltima norma de obligado cumplimiento, se introducen los cargadores el\u00e9ctricos y d\u00f3nde recargar la bater\u00eda de nuestro veh\u00edculo cada 60 km en todo territorio Europeo. Destacamos&hellip;&nbsp;<\/p>\n<div class=\"read-more-wrapper\"><a href=\"https:\/\/www.tadig.es\/blog\/ue-cargadores-electricos-60-km\/\" class=\"button button-primary\" rel=\"bookmark\">Seguir leyendo \u00bb<span class=\"screen-reader-text\">La UE quiere cargadores el\u00e9ctricos cada 60 km<\/span><\/a><\/div>\n","protected":false},"author":4,"featured_media":4170,"comment_status":"open","ping_status":"closed","sticky":false,"template":"","format":"standard","meta":{"neve_meta_sidebar":"","neve_meta_container":"","neve_meta_enable_content_width":"","neve_meta_content_width":0,"neve_meta_title_alignment":"","neve_meta_author_avatar":"","neve_post_elements_order":"","neve_meta_disable_header":"","neve_meta_disable_footer":"","neve_meta_disable_title":"","neve_meta_reading_time":"","footnotes":""},"categories":[62],"tags":[135,134,137,138,133,136],"class_list":["post-4167","post","type-post","status-publish","format-standard","has-post-thumbnail","hentry","category-actualidad-del-transporte","tag-actualidad-en-el-transporte","tag-cargadores-electricos","tag-ley-ue-cargadores-electricos","tag-sector-del-transporte","tag-sector-transportes","tag-union-europea-ley"],"yoast_head":"<!-- This site is optimized with the Yoast SEO plugin v27.1.1 - https:\/\/yoast.com\/product\/yoast-seo-wordpress\/ -->\n<title>La UE quiere cargadores el\u00e9ctricos cada 60 km - TADIG | Blog<\/title>\n<meta name=\"description\" content=\"Las medidas contra el cambio clim\u00e1tico que la Uni\u00f3n Europea est\u00e1 adoptando de cara a un futuro m\u00e1s verde, afectan al sector del transporte...\" \/>\n<meta name=\"robots\" content=\"index, follow, max-snippet:-1, max-image-preview:large, max-video-preview:-1\" \/>\n<link rel=\"canonical\" href=\"https:\/\/www.tadig.es\/blog\/ue-cargadores-electricos-60-km\/\" \/>\n<meta property=\"og:locale\" content=\"es_ES\" \/>\n<meta property=\"og:type\" content=\"article\" \/>\n<meta property=\"og:title\" content=\"La UE quiere cargadores el\u00e9ctricos cada 60 km\" \/>\n<meta property=\"og:description\" content=\"Las medidas contra el cambio clim\u00e1tico que la Uni\u00f3n Europea est\u00e1 adoptando de cara a un futuro m\u00e1s verde, afectan al sector del transporte...\" \/>\n<meta property=\"og:url\" content=\"https:\/\/www.tadig.es\/blog\/ue-cargadores-electricos-60-km\/\" \/>\n<meta property=\"og:site_name\" content=\"TADIG | Blog\" \/>\n<meta property=\"article:published_time\" content=\"2022-10-24T07:00:00+00:00\" \/>\n<meta property=\"og:image\" content=\"https:\/\/www.tadig.es\/blog\/wp-content\/uploads\/2022\/10\/UE_CargadoresElectricos60km_TADIG-1.jpg\" \/>\n\t<meta property=\"og:image:width\" content=\"800\" \/>\n\t<meta property=\"og:image:height\" content=\"527\" \/>\n\t<meta property=\"og:image:type\" content=\"image\/jpeg\" \/>\n<meta name=\"author\" content=\"Adela de TADIG\" \/>\n<meta name=\"twitter:card\" content=\"summary_large_image\" \/>\n<meta name=\"twitter:title\" content=\"La UE quiere cargadores el\u00e9ctricos cada 60 km\" \/>\n<meta name=\"twitter:description\" content=\"Destacamos en este art\u00edculo esta \u00faltima novedad, cu\u00e1ndo se empezar\u00e1 a aplicar y los retos a los que se enfrenta Espa\u00f1a para aplicar esta ley @tacografo_tadig\" \/>\n<meta name=\"twitter:image\" content=\"https:\/\/www.tadig.es\/blog\/wp-content\/uploads\/2022\/10\/UE_CargadoresElectricos60km_TADIG-1.jpg\" \/>\n<meta name=\"twitter:creator\" content=\"@tacografo_Tadig\" \/>\n<meta name=\"twitter:site\" content=\"@tacografo_Tadig\" \/>\n<meta name=\"twitter:label1\" content=\"Escrito por\" \/>\n\t<meta name=\"twitter:data1\" content=\"Adela de TADIG\" \/>\n\t<meta name=\"twitter:label2\" content=\"Tiempo de lectura\" \/>\n\t<meta name=\"twitter:data2\" content=\"3 minutos\" \/>\n<script type=\"application\/ld+json\" class=\"yoast-schema-graph\">{\"@context\":\"https:\/\/schema.org\",\"@graph\":[{\"@type\":\"Article\",\"@id\":\"https:\/\/www.tadig.es\/blog\/ue-cargadores-electricos-60-km\/#article\",\"isPartOf\":{\"@id\":\"https:\/\/www.tadig.es\/blog\/ue-cargadores-electricos-60-km\/\"},\"author\":{\"name\":\"Adela de TADIG\",\"@id\":\"https:\/\/www.tadig.es\/blog\/#\/schema\/person\/29a1dfcb5137be6081eb6e4c9ed8d6fe\"},\"headline\":\"La UE quiere cargadores el\u00e9ctricos cada 60 km\",\"datePublished\":\"2022-10-24T07:00:00+00:00\",\"mainEntityOfPage\":{\"@id\":\"https:\/\/www.tadig.es\/blog\/ue-cargadores-electricos-60-km\/\"},\"wordCount\":683,\"commentCount\":0,\"publisher\":{\"@id\":\"https:\/\/www.tadig.es\/blog\/#organization\"},\"image\":{\"@id\":\"https:\/\/www.tadig.es\/blog\/ue-cargadores-electricos-60-km\/#primaryimage\"},\"thumbnailUrl\":\"https:\/\/www.tadig.es\/blog\/wp-content\/uploads\/2022\/10\/UE_CargadoresElectricos60km_TADIG-1.jpg\",\"keywords\":[\"actualidad en el transporte\",\"cargadores el\u00e9ctricos\",\"Ley UE cargadores el\u00e9ctricos\",\"sector del transporte\",\"sector transportes\",\"Uni\u00f3n Europea Ley\"],\"articleSection\":[\"Actualidad del transporte\"],\"inLanguage\":\"es\",\"potentialAction\":[{\"@type\":\"CommentAction\",\"name\":\"Comment\",\"target\":[\"https:\/\/www.tadig.es\/blog\/ue-cargadores-electricos-60-km\/#respond\"]}]},{\"@type\":\"WebPage\",\"@id\":\"https:\/\/www.tadig.es\/blog\/ue-cargadores-electricos-60-km\/\",\"url\":\"https:\/\/www.tadig.es\/blog\/ue-cargadores-electricos-60-km\/\",\"name\":\"La UE quiere cargadores el\u00e9ctricos cada 60 km - TADIG | Blog\",\"isPartOf\":{\"@id\":\"https:\/\/www.tadig.es\/blog\/#website\"},\"primaryImageOfPage\":{\"@id\":\"https:\/\/www.tadig.es\/blog\/ue-cargadores-electricos-60-km\/#primaryimage\"},\"image\":{\"@id\":\"https:\/\/www.tadig.es\/blog\/ue-cargadores-electricos-60-km\/#primaryimage\"},\"thumbnailUrl\":\"https:\/\/www.tadig.es\/blog\/wp-content\/uploads\/2022\/10\/UE_CargadoresElectricos60km_TADIG-1.jpg\",\"datePublished\":\"2022-10-24T07:00:00+00:00\",\"description\":\"Las medidas contra el cambio clim\u00e1tico que la Uni\u00f3n Europea est\u00e1 adoptando de cara a un futuro m\u00e1s verde, afectan al sector del transporte...\",\"breadcrumb\":{\"@id\":\"https:\/\/www.tadig.es\/blog\/ue-cargadores-electricos-60-km\/#breadcrumb\"},\"inLanguage\":\"es\",\"potentialAction\":[{\"@type\":\"ReadAction\",\"target\":[\"https:\/\/www.tadig.es\/blog\/ue-cargadores-electricos-60-km\/\"]}]},{\"@type\":\"ImageObject\",\"inLanguage\":\"es\",\"@id\":\"https:\/\/www.tadig.es\/blog\/ue-cargadores-electricos-60-km\/#primaryimage\",\"url\":\"https:\/\/www.tadig.es\/blog\/wp-content\/uploads\/2022\/10\/UE_CargadoresElectricos60km_TADIG-1.jpg\",\"contentUrl\":\"https:\/\/www.tadig.es\/blog\/wp-content\/uploads\/2022\/10\/UE_CargadoresElectricos60km_TADIG-1.jpg\",\"width\":800,\"height\":527,\"caption\":\"La UE quiere cargadores el\u00e9ctricos cada 60 km - TADIG\"},{\"@type\":\"BreadcrumbList\",\"@id\":\"https:\/\/www.tadig.es\/blog\/ue-cargadores-electricos-60-km\/#breadcrumb\",\"itemListElement\":[{\"@type\":\"ListItem\",\"position\":1,\"name\":\"Blog\",\"item\":\"https:\/\/www.tadig.es\/blog\/\"},{\"@type\":\"ListItem\",\"position\":2,\"name\":\"La UE quiere cargadores el\u00e9ctricos cada 60 km\"}]},{\"@type\":\"WebSite\",\"@id\":\"https:\/\/www.tadig.es\/blog\/#website\",\"url\":\"https:\/\/www.tadig.es\/blog\/\",\"name\":\"TADIG | Blog\",\"description\":\"Todo lo que necesitas saber sobre el tac\u00f3grafo digital.\",\"publisher\":{\"@id\":\"https:\/\/www.tadig.es\/blog\/#organization\"},\"potentialAction\":[{\"@type\":\"SearchAction\",\"target\":{\"@type\":\"EntryPoint\",\"urlTemplate\":\"https:\/\/www.tadig.es\/blog\/?s={search_term_string}\"},\"query-input\":{\"@type\":\"PropertyValueSpecification\",\"valueRequired\":true,\"valueName\":\"search_term_string\"}}],\"inLanguage\":\"es\"},{\"@type\":\"Organization\",\"@id\":\"https:\/\/www.tadig.es\/blog\/#organization\",\"name\":\"TADIG\",\"url\":\"https:\/\/www.tadig.es\/blog\/\",\"logo\":{\"@type\":\"ImageObject\",\"inLanguage\":\"es\",\"@id\":\"https:\/\/www.tadig.es\/blog\/#\/schema\/logo\/image\/\",\"url\":\"https:\/\/www.tadig.es\/blog\/wp-content\/uploads\/2019\/06\/logo-tadig-1.png\",\"contentUrl\":\"https:\/\/www.tadig.es\/blog\/wp-content\/uploads\/2019\/06\/logo-tadig-1.png\",\"width\":96,\"height\":50,\"caption\":\"TADIG\"},\"image\":{\"@id\":\"https:\/\/www.tadig.es\/blog\/#\/schema\/logo\/image\/\"},\"sameAs\":[\"https:\/\/x.com\/tacografo_Tadig\"]},{\"@type\":\"Person\",\"@id\":\"https:\/\/www.tadig.es\/blog\/#\/schema\/person\/29a1dfcb5137be6081eb6e4c9ed8d6fe\",\"name\":\"Adela de TADIG\",\"image\":{\"@type\":\"ImageObject\",\"inLanguage\":\"es\",\"@id\":\"https:\/\/www.tadig.es\/blog\/#\/schema\/person\/image\/\",\"url\":\"https:\/\/secure.gravatar.com\/avatar\/3ad342a6fbf09eec649bc8e9f907ff41284a39edc7c3bab111671e2012819067?s=96&d=mm&r=g\",\"contentUrl\":\"https:\/\/secure.gravatar.com\/avatar\/3ad342a6fbf09eec649bc8e9f907ff41284a39edc7c3bab111671e2012819067?s=96&d=mm&r=g\",\"caption\":\"Adela de TADIG\"}}]}<\/script>\n<!-- \/ Yoast SEO plugin. -->","yoast_head_json":{"title":"La UE quiere cargadores el\u00e9ctricos cada 60 km - TADIG | Blog","description":"Las medidas contra el cambio clim\u00e1tico que la Uni\u00f3n Europea est\u00e1 adoptando de cara a un futuro m\u00e1s verde, afectan al sector del transporte...","robots":{"index":"index","follow":"follow","max-snippet":"max-snippet:-1","max-image-preview":"max-image-preview:large","max-video-preview":"max-video-preview:-1"},"canonical":"https:\/\/www.tadig.es\/blog\/ue-cargadores-electricos-60-km\/","og_locale":"es_ES","og_type":"article","og_title":"La UE quiere cargadores el\u00e9ctricos cada 60 km","og_description":"Las medidas contra el cambio clim\u00e1tico que la Uni\u00f3n Europea est\u00e1 adoptando de cara a un futuro m\u00e1s verde, afectan al sector del transporte...","og_url":"https:\/\/www.tadig.es\/blog\/ue-cargadores-electricos-60-km\/","og_site_name":"TADIG | Blog","article_published_time":"2022-10-24T07:00:00+00:00","og_image":[{"width":800,"height":527,"url":"https:\/\/www.tadig.es\/blog\/wp-content\/uploads\/2022\/10\/UE_CargadoresElectricos60km_TADIG-1.jpg","type":"image\/jpeg"}],"author":"Adela de TADIG","twitter_card":"summary_large_image","twitter_title":"La UE quiere cargadores el\u00e9ctricos cada 60 km","twitter_description":"Destacamos en este art\u00edculo esta \u00faltima novedad, cu\u00e1ndo se empezar\u00e1 a aplicar y los retos a los que se enfrenta Espa\u00f1a para aplicar esta ley @tacografo_tadig","twitter_image":"https:\/\/www.tadig.es\/blog\/wp-content\/uploads\/2022\/10\/UE_CargadoresElectricos60km_TADIG-1.jpg","twitter_creator":"@tacografo_Tadig","twitter_site":"@tacografo_Tadig","twitter_misc":{"Escrito por":"Adela de TADIG","Tiempo de lectura":"3 minutos"},"schema":{"@context":"https:\/\/schema.org","@graph":[{"@type":"Article","@id":"https:\/\/www.tadig.es\/blog\/ue-cargadores-electricos-60-km\/#article","isPartOf":{"@id":"https:\/\/www.tadig.es\/blog\/ue-cargadores-electricos-60-km\/"},"author":{"name":"Adela de TADIG","@id":"https:\/\/www.tadig.es\/blog\/#\/schema\/person\/29a1dfcb5137be6081eb6e4c9ed8d6fe"},"headline":"La UE quiere cargadores el\u00e9ctricos cada 60 km","datePublished":"2022-10-24T07:00:00+00:00","mainEntityOfPage":{"@id":"https:\/\/www.tadig.es\/blog\/ue-cargadores-electricos-60-km\/"},"wordCount":683,"commentCount":0,"publisher":{"@id":"https:\/\/www.tadig.es\/blog\/#organization"},"image":{"@id":"https:\/\/www.tadig.es\/blog\/ue-cargadores-electricos-60-km\/#primaryimage"},"thumbnailUrl":"https:\/\/www.tadig.es\/blog\/wp-content\/uploads\/2022\/10\/UE_CargadoresElectricos60km_TADIG-1.jpg","keywords":["actualidad en el transporte","cargadores el\u00e9ctricos","Ley UE cargadores el\u00e9ctricos","sector del transporte","sector transportes","Uni\u00f3n Europea Ley"],"articleSection":["Actualidad del transporte"],"inLanguage":"es","potentialAction":[{"@type":"CommentAction","name":"Comment","target":["https:\/\/www.tadig.es\/blog\/ue-cargadores-electricos-60-km\/#respond"]}]},{"@type":"WebPage","@id":"https:\/\/www.tadig.es\/blog\/ue-cargadores-electricos-60-km\/","url":"https:\/\/www.tadig.es\/blog\/ue-cargadores-electricos-60-km\/","name":"La UE quiere cargadores el\u00e9ctricos cada 60 km - TADIG | Blog","isPartOf":{"@id":"https:\/\/www.tadig.es\/blog\/#website"},"primaryImageOfPage":{"@id":"https:\/\/www.tadig.es\/blog\/ue-cargadores-electricos-60-km\/#primaryimage"},"image":{"@id":"https:\/\/www.tadig.es\/blog\/ue-cargadores-electricos-60-km\/#primaryimage"},"thumbnailUrl":"https:\/\/www.tadig.es\/blog\/wp-content\/uploads\/2022\/10\/UE_CargadoresElectricos60km_TADIG-1.jpg","datePublished":"2022-10-24T07:00:00+00:00","description":"Las medidas contra el cambio clim\u00e1tico que la Uni\u00f3n Europea est\u00e1 adoptando de cara a un futuro m\u00e1s verde, afectan al sector del transporte...","breadcrumb":{"@id":"https:\/\/www.tadig.es\/blog\/ue-cargadores-electricos-60-km\/#breadcrumb"},"inLanguage":"es","potentialAction":[{"@type":"ReadAction","target":["https:\/\/www.tadig.es\/blog\/ue-cargadores-electricos-60-km\/"]}]},{"@type":"ImageObject","inLanguage":"es","@id":"https:\/\/www.tadig.es\/blog\/ue-cargadores-electricos-60-km\/#primaryimage","url":"https:\/\/www.tadig.es\/blog\/wp-content\/uploads\/2022\/10\/UE_CargadoresElectricos60km_TADIG-1.jpg","contentUrl":"https:\/\/www.tadig.es\/blog\/wp-content\/uploads\/2022\/10\/UE_CargadoresElectricos60km_TADIG-1.jpg","width":800,"height":527,"caption":"La UE quiere cargadores el\u00e9ctricos cada 60 km - TADIG"},{"@type":"BreadcrumbList","@id":"https:\/\/www.tadig.es\/blog\/ue-cargadores-electricos-60-km\/#breadcrumb","itemListElement":[{"@type":"ListItem","position":1,"name":"Blog","item":"https:\/\/www.tadig.es\/blog\/"},{"@type":"ListItem","position":2,"name":"La UE quiere cargadores el\u00e9ctricos cada 60 km"}]},{"@type":"WebSite","@id":"https:\/\/www.tadig.es\/blog\/#website","url":"https:\/\/www.tadig.es\/blog\/","name":"TADIG | Blog","description":"Todo lo que necesitas saber sobre el tac\u00f3grafo digital.","publisher":{"@id":"https:\/\/www.tadig.es\/blog\/#organization"},"potentialAction":[{"@type":"SearchAction","target":{"@type":"EntryPoint","urlTemplate":"https:\/\/www.tadig.es\/blog\/?s={search_term_string}"},"query-input":{"@type":"PropertyValueSpecification","valueRequired":true,"valueName":"search_term_string"}}],"inLanguage":"es"},{"@type":"Organization","@id":"https:\/\/www.tadig.es\/blog\/#organization","name":"TADIG","url":"https:\/\/www.tadig.es\/blog\/","logo":{"@type":"ImageObject","inLanguage":"es","@id":"https:\/\/www.tadig.es\/blog\/#\/schema\/logo\/image\/","url":"https:\/\/www.tadig.es\/blog\/wp-content\/uploads\/2019\/06\/logo-tadig-1.png","contentUrl":"https:\/\/www.tadig.es\/blog\/wp-content\/uploads\/2019\/06\/logo-tadig-1.png","width":96,"height":50,"caption":"TADIG"},"image":{"@id":"https:\/\/www.tadig.es\/blog\/#\/schema\/logo\/image\/"},"sameAs":["https:\/\/x.com\/tacografo_Tadig"]},{"@type":"Person","@id":"https:\/\/www.tadig.es\/blog\/#\/schema\/person\/29a1dfcb5137be6081eb6e4c9ed8d6fe","name":"Adela de TADIG","image":{"@type":"ImageObject","inLanguage":"es","@id":"https:\/\/www.tadig.es\/blog\/#\/schema\/person\/image\/","url":"https:\/\/secure.gravatar.com\/avatar\/3ad342a6fbf09eec649bc8e9f907ff41284a39edc7c3bab111671e2012819067?s=96&d=mm&r=g","contentUrl":"https:\/\/secure.gravatar.com\/avatar\/3ad342a6fbf09eec649bc8e9f907ff41284a39edc7c3bab111671e2012819067?s=96&d=mm&r=g","caption":"Adela de TADIG"}}]}},"_links":{"self":[{"href":"https:\/\/www.tadig.es\/blog\/wp-json\/wp\/v2\/posts\/4167","targetHints":{"allow":["GET"]}}],"collection":[{"href":"https:\/\/www.tadig.es\/blog\/wp-json\/wp\/v2\/posts"}],"about":[{"href":"https:\/\/www.tadig.es\/blog\/wp-json\/wp\/v2\/types\/post"}],"author":[{"embeddable":true,"href":"https:\/\/www.tadig.es\/blog\/wp-json\/wp\/v2\/users\/4"}],"replies":[{"embeddable":true,"href":"https:\/\/www.tadig.es\/blog\/wp-json\/wp\/v2\/comments?post=4167"}],"version-history":[{"count":0,"href":"https:\/\/www.tadig.es\/blog\/wp-json\/wp\/v2\/posts\/4167\/revisions"}],"wp:featuredmedia":[{"embeddable":true,"href":"https:\/\/www.tadig.es\/blog\/wp-json\/wp\/v2\/media\/4170"}],"wp:attachment":[{"href":"https:\/\/www.tadig.es\/blog\/wp-json\/wp\/v2\/media?parent=4167"}],"wp:term":[{"taxonomy":"category","embeddable":true,"href":"https:\/\/www.tadig.es\/blog\/wp-json\/wp\/v2\/categories?post=4167"},{"taxonomy":"post_tag","embeddable":true,"href":"https:\/\/www.tadig.es\/blog\/wp-json\/wp\/v2\/tags?post=4167"}],"curies":[{"name":"wp","href":"https:\/\/api.w.org\/{rel}","templated":true}]}}