



{"id":1783,"date":"2020-09-07T09:00:07","date_gmt":"2020-09-07T07:00:07","guid":{"rendered":"https:\/\/www.tadig.es\/blog\/?p=1783"},"modified":"2022-01-14T15:04:41","modified_gmt":"2022-01-14T14:04:41","slug":"out-tacografo-fuera-de-ambito","status":"publish","type":"post","link":"https:\/\/www.tadig.es\/blog\/out-tacografo-fuera-de-ambito\/","title":{"rendered":"Modo \u201cOUT\u201d del tac\u00f3grafo: Fuera de \u00c1mbito"},"content":{"rendered":"<p>Decir que todos los veh\u00edculos pesados deben hacer uso del tac\u00f3grafo es una generalizaci\u00f3n. Esta resulta acertada en la mayor\u00eda de casos, pero existen excepciones. Ya hemos visto los<a href=\"https:\/\/www.tadig.es\/blog\/exenciones-tacografo\/\"> tipos de veh\u00edculos que no est\u00e1n obligados a equipar tac\u00f3grafo<\/a>, pero existen transportes, realizados por veh\u00edculos que equipan tac\u00f3grafo, que tampoco deben registrar sus actividades. Esto provoca que surja el concepto de \u201cfuera de \u00e1mbito\u201d, o modo \u201cout\u201d del tac\u00f3grafo. A continuaci\u00f3n vemos cu\u00e1ndo y c\u00f3mo usar este modo del aparato de control.<\/p>\n<h2>Qu\u00e9 es el modo \u00abOUT\u00bb del tac\u00f3grafo<\/h2>\n<p>El modo \u201cfuera de \u00e1mbito\u201d se refiere a las <strong>actividades a las que no se aplica el reglamento (CE) 561\/2006<\/strong>. Se identifica con el icono \u00abOUT\u00bb en el tac\u00f3grafo.<\/p>\n<p>Se dan casos de veh\u00edculos que no llevan tac\u00f3grafo equipado ya que no se considera necesario. En esos supuestos, resulta imposible registrar ninguna actividad. Sin embargo, en caso de veh\u00edculos que realizan tanto actividades exentas como no exentas, existe la necesidad de indicar cu\u00e1ndo la <a href=\"https:\/\/www.tadig.es\/blog\/tiempos-de-conduccion-y-descanso\/\" target=\"_blank\" rel=\"noopener\">normativa de tiempos de conducci\u00f3n y descanso<\/a> deja de aplicarse. Esta es, en esencia, la funci\u00f3n del modo \u201cout\u201d del tac\u00f3grafo.<\/p>\n<p>As\u00ed, vemos que mientras el modo \u201cout\u201d est\u00e9 seleccionado, el tac\u00f3grafo seguir\u00e1 detectando movimiento. La funci\u00f3n de este modo es, pues, <strong>indicar que durante un periodo de tiempo determinado el reglamento CE 561\/2006 no ha sido de aplicaci\u00f3n. <\/strong>Esta indicaci\u00f3n es relevante para el propio aparato de control, que registra las incidencias; y para las autoridades, que las interpretan.<\/p>\n<h3>Identificaci\u00f3n del modo \u00abOUT\u00bb del tac\u00f3grafo<\/h3>\n<p>Cuando el modo fuera de \u00e1mbito est\u00e1 seleccionado, la palabra \u00abOUT\u00bb aparece en la pantalla del tac\u00f3grafo. Las actividades se registran como siempre, pero en los ficheros descargados aparecer\u00e1n como fuera de \u00e1mbito. Tambi\u00e9n puede comprobarse en los tickets impresos, en los que en el modo fuera de \u00e1mbito se indica en su inicio y final. El inter\u00e9s de esto es que en un control de carretera, o en caso de inspecci\u00f3n, <strong>los periodos anotados con \u00abOUT\u00bb se considerar\u00e1n como otros trabajos<\/strong>.<\/p>\n<p>As\u00ed, <strong>al conducir en modo \u00abOUT\u00bb del tac\u00f3grafo no ser\u00e1 necesario hacer pausas de 45 minutos tras conducir durante 4 horas y media<\/strong>. Esto es as\u00ed, porque nos encontramos fuera del \u00e1mbito de aplicaci\u00f3n de la normativa. Sin embargo, y en caso de conducciones mixtas, <strong>conducir en modo \u00about\u00bb del tac\u00f3grafo no exime de la obligaci\u00f3n de tomar descansos diarios y semanales<\/strong>. Esto se debe a que la obligaci\u00f3n de tomar estos descansos surge al abrir la jornada y al comenzar la semana, respectivamente. Para ello, da igual que la jornada comience con conducci\u00f3n, disponibilidad, otros trabajos o fuera de \u00e1mbito. Recordamos que la jornada se considera abierta desde el momento en que finaliza el descanso diario anterior.<\/p>\n<p>Por otro lado, adem\u00e1s de la normativa del tac\u00f3grafo existen otras legislaciones que incluyen descansos para los trabajadores cada ciertas horas de trabajo. El uso del modo \u00abOUT\u00bb no exime de cumplirlas.<\/p>\n<h3>Fuera de \u00e1mbito en la legislaci\u00f3n<\/h3>\n<p>El concepto del fuera de \u00e1mbito se encuentra recogido en el ya conocido <a href=\"https:\/\/www.tadig.es\/blog\/wp-content\/uploads\/2021\/08\/Reglamento-CE-561-2006.pdf\" target=\"_blank\" rel=\"noopener noreferrer\">Reglamento (CE) 561\/2006<\/a>. En su articulo 3, lista los servicios de transporte en los que el mismo reglamento no es de aplicaci\u00f3n. Por ello, en estos casos no ser\u00e1 necesario registrar las actividades.<\/p>\n<p>Sin embargo, el mismo reglamento tambi\u00e9n permite a los estados establecer una serie de supuestos de no aplicaci\u00f3n. En el caso de Espa\u00f1a, estos est\u00e1n reconocidos en el <a href=\"https:\/\/www.boe.es\/buscar\/doc.php?id=BOE-A-2007-10557\" target=\"_blank\" rel=\"noopener noreferrer\">Real Decreto 640\/2007<\/a>.<\/p>\n<h2>Cu\u00e1ndo hay que usar el modo \u201cOUT\u201d del tac\u00f3grafo<\/h2>\n<p>Como ya hemos mencionado, los supuestos de conducci\u00f3n fuera de \u00e1mbito se encuentran recogidos en dos documentos legales diferentes. Que est\u00e9n en un documento u otro depende del territorio en el que se aplican. A continuaci\u00f3n resumimos ambos tipos.<\/p>\n<p>Tambi\u00e9n es importante recordar que existe la obligaci\u00f3n de poder justificar las actividades del tac\u00f3grafo. Esta obligaci\u00f3n incluye la actividad fuera de \u00e1mbito. Por tanto, <strong>el uso del modo \u00abOUT\u00bb del tac\u00f3grafo deber\u00e1 hacerse siempre con la tarjeta de conductor insertada<\/strong> en la ranura correspondiente.<\/p>\n<h3>Fuera de \u00e1mbito en la Uni\u00f3n Europea<\/h3>\n<p>El reglamento que recoge estas excepciones se refiere tanto a los veh\u00edculos no obligados a equipar tac\u00f3grafo como a las excepciones de uso. Nosotros aqu\u00ed reunimos s\u00f3lo los casos en los que puede usarse el modo \u201cout\u201d del tac\u00f3grafo.<\/p>\n<p>En este apartado nos referimos a los supuestos reconocido en el Reglamento (CE) 561\/2006, y de aplicaci\u00f3n en toda la Uni\u00f3n Europea. Podemos usar el modo \u00abOUT\u00bb del tac\u00f3grafo en cualquier pa\u00eds en el que se apliquen los tiempos de conducci\u00f3n y descanso, siempre y cuando realicemos uno de estos servicios.<\/p>\n<p>Es importante se\u00f1alar que, en los supuestos que est\u00e1n determinados por la distancia recorrida o por el radio de acci\u00f3n, si se supera esta distancia l\u00edmite dada, se considerar\u00e1 que todo el viaje est\u00e1 dentro de \u00e1mbito de la aplicaci\u00f3n de la normativa. As\u00ed, habr\u00e1 que registrar normalmente (es decir, sin condici\u00f3n especial OUT) desde el momento en que arranca el veh\u00edculo.<\/p>\n<ul>\n<li><strong>Servicio regular de transporte de viajeros cuando la ruta no supere los 50 kil\u00f3metros<\/strong>.<\/li>\n<li><strong>Veh\u00edculos utilizados en caso de urgencia<\/strong>, ayuda humanitaria o para operaciones de salvamento, que hayan sido <strong>alquilados<\/strong>.<\/li>\n<li>Veh\u00edculos especializados en la <strong>reparaci\u00f3n de aver\u00edas cuyo radio de acci\u00f3n sea de 100 kil\u00f3metros<\/strong> alrededor de su centro de explotaci\u00f3n.<\/li>\n<li>Conjuntos de veh\u00edculos o <strong>veh\u00edculos individuales con una masa m\u00e1xima autorizada de hasta 7,5 toneladas, utilizados para el transporte no comercial de mercanc\u00edas<\/strong>.<\/li>\n<li><strong>Transporte privado complementario de mercanc\u00edas producidas artesanalmente, siempre que el veh\u00edculo no supere las 7,5 toneladas de MMA<\/strong> y que el transporte se de <strong>en un radio de acci\u00f3n de 100 kil\u00f3metros desde la base de la empresa.<\/strong><\/li>\n<\/ul>\n<h3>Fuera de \u00e1mbito en Espa\u00f1a<\/h3>\n<p>Estos casos de uso del modo fuera de \u00e1mbito aparecen reconocidos en el Reglamento (CE) 561\/2006, pero bajo el requisito de que cada pa\u00eds los autorice completamente. En el caso de Espa\u00f1a, los casos de uso del modo \u201cout\u201d del tac\u00f3grafo son:<\/p>\n<ul>\n<li><strong>Transportes oficiales.<\/strong><\/li>\n<li>Transporte de <strong>recogida y entrega de env\u00edos postales ejercido por proveedores del servicio postal universal<\/strong>. La excepci\u00f3n se aplica siempre que el veh\u00edculo o conjunto de veh\u00edculos no supere las 7,5 toneladas. Adem\u00e1s, el transporte debe realizarse en un radio de 50 kil\u00f3metros alrededor del centro de explotaci\u00f3n de la empresa titular del servicio.<\/li>\n<li><strong>Recogida y eliminaci\u00f3n de residuos urbanos<\/strong>. Este debe estar comprendido <strong>en un radio de 50 kil\u00f3metros<\/strong> alrededor del centro de explotaci\u00f3n de la empresa titular del veh\u00edculo.<\/li>\n<li><strong>Transporte privado de mercanc\u00edas de car\u00e1cter complementario en el marco de la propia actividad empresarial.<\/strong> Este debe ser realizado en un radio de 50 kil\u00f3metros alrededor del centro de explotaci\u00f3n de la empresa. Este supuesto solo se aplica a empresas agr\u00edcolas, hort\u00edcolas, forestales, ganaderas y pesqueras.<\/li>\n<li><strong>Recogida de leche en granjas<\/strong>, o transporte de productos dedicados a la alimentaci\u00f3n del ganado. Estos transportes deben ser realizados en un radio de 100 kil\u00f3metros alrededor del centro de explotaci\u00f3n de la empresa transportista.<\/li>\n<li><strong>Transporte de animales vivos<\/strong> entre granjas y mercados, mercados y mataderos o granjas y mataderos, <strong>siempre que en l\u00ednea recta entre origen y destino haya 50 kil\u00f3metros o menos<\/strong> <strong>de distancia.<\/strong><\/li>\n<li><strong>Veh\u00edculos propulsados por electricidad o gas natural o licuado, con masa m\u00e1xima autorizada inferior a 7,5 toneladas<\/strong> y que desarrollen su actividad en un radio de 50 kil\u00f3metros alrededor del centro de explotaci\u00f3n de la empresa.<\/li>\n<li><strong>Traslado de material o maquinaria en r\u00e9gimen de transporte privado complementario de la empresa. <\/strong>Este caso de uso puede darse siempre que la masa m\u00e1xima autorizada sea inferior a 7,5 toneladas y el transporte se desarrolle <strong>\u00edntegramente dentro de un radio de 50 kil\u00f3metros alrededor del centro de explotaci\u00f3n de la empresa<\/strong>.<\/li>\n<li><strong>Transporte realizado con veh\u00edculos que s\u00f3lo prestan servicios dentro de recintos cerrados<\/strong> dedicados a actividades distintas del transporte por carretera, como pueden ser <strong>puertos, aeropuertos o estaciones de tren<\/strong>. Si el veh\u00edculo saliera de este recinto, el reglamento (CE) 561\/2006 volver\u00eda a ser de aplicaci\u00f3n.<\/li>\n<li>Transporte \u00edntegramente desarrollado en islas con superficie inferior a 1.500 metros cuadrados, mientras estas no est\u00e9n comunicadas con territorio peninsular mediante carreteras.<\/li>\n<li><strong>Recorridos en vac\u00edo de los veh\u00edculos que realicen transportes de cualquiera de estos tipos, y que se hagan necesariamente como consecuencia de los transportes incluidos en las excepciones.<\/strong><\/li>\n<\/ul>\n<h2>Supuestos de uso<\/h2>\n<p>Puede darse el caso de conducir tanto dentro como fuera de \u00e1mbito durante una misma jornada. Esto se dar\u00eda, por ejemplo, al hacer una ruta escolar por la ma\u00f1ana y un viaje discrecional por la tarde. Lo mismo ocurrir\u00eda al hacer una ruta de reparto y, acto seguido, llevar otro veh\u00edculo pesado dentro del recinto de la empresa y que estar\u00eda exento de ser registrado.<\/p>\n<p>Si se dan esta situaci\u00f3n, en las que <strong>coincide en la misma jornada una conducci\u00f3n fuera de \u00e1mbito y otra sujeta al reglamento (CE) 561\/2006, ser\u00e1 obligatorio registrar todas las actividades del d\u00eda en el tac\u00f3grafo.<\/strong> Para ello, habr\u00e1 que diferenciar entre actividades dentro y fuera de \u00e1mbito usando el selector de actividades del aparato de control. En el caso de tac\u00f3grafo digital, el modo \u201cOUT\u201d est\u00e1 especialmente pensado para estos casos. Si se trata de tac\u00f3grafo anal\u00f3gico, habr\u00e1 que hacer una anotaci\u00f3n por escrito en el disco.<\/p>\n<p>En el caso de que <strong>toda la actividad del veh\u00edculo se encuentre fuera de \u00e1mbito<\/strong> de aplicaci\u00f3n del reglamento, <a href=\"https:\/\/www.tadig.es\/blog\/wp-content\/uploads\/2021\/12\/manual_de_tiempos_de_conduccion_y_descanso_y_de_tacografo__octubre_2021.pdf\" target=\"_blank\" rel=\"noopener\">el Manual de Inspecci\u00f3n de Tiempos de Conducci\u00f3n y Descanso<\/a> se\u00f1ala que <strong>deber\u00e1 usarse el modo OUT con la tarjeta insertada igualmente<\/strong>. Asimismo, al empresario puede interesarse registrar las actividades por otros motivos, como puede ser <a href=\"https:\/\/www.tadig.es\/blog\/registro-jornada-trabajo-conductores\/\" target=\"_blank\" rel=\"noopener noreferrer\">usar el tac\u00f3grafo como registro de jornada<\/a>. Para estos casos, el modo \u201cout\u201d del tac\u00f3grafo es \u00f3ptimo, ya que contin\u00faa registrando, pero no tiene en cuenta estos datos para el c\u00f3mputo de tiempos de conducci\u00f3n.<\/p>\n<p>Por \u00faltimo, <strong>si se conduce fuera de \u00e1mbito durante algunas jornadas completas, esta conducci\u00f3n deber\u00e1 registrarse como fuera de \u00e1mbito<\/strong>, ya sea mediante la condici\u00f3n especial OUT (preferible) o <a href=\"https:\/\/www.tadig.es\/blog\/entradas-adicionales-tacografo-digital\/\" target=\"_blank\" rel=\"noopener noreferrer\">mediante entradas adicionales<\/a> indicando \u00abotros trabajos\u00bb si el veh\u00edculo usado no tiene tac\u00f3grafo.<\/p>\n<h2>Conclusi\u00f3n<\/h2>\n<p>El modo \u201cout\u201d del tac\u00f3grafo supone, junto con el modo \u201cferry\u201d, un supuesto especial de registro de tiempos de conducci\u00f3n y descanso. Como hemos visto, tienen su utilidad para dar flexibilidad a las jornadas de trabajo de acuerdo a la normativa, y al mismo tiempo mantener el registro para usos como el control horario.<\/p>\n<div class=\"su-box-content green\"><span class=\"su-box-title\">Servicios del tac\u00f3grafo digital<\/span><br \/>\n<strong>TADIG ofrece servicios de an\u00e1lisis del tac\u00f3grafo digital<\/strong>, adem\u00e1s de custodia durante el periodo legal exigible, <strong>a empresas y aut\u00f3nomos<\/strong>.<\/div>\n<div class=\"su-box-content green\">\n<p>Nuestros servicios incluyen:<\/p>\n<ul>\n<li><strong>Lectura autom\u00e1tica de ficheros<\/strong> del tac\u00f3grafo digital<\/li>\n<li><strong>Guarda y custodia de datos<\/strong> del tac\u00f3grafo<\/li>\n<li><strong>Registro de jornada<\/strong> para ch\u00f3feres<\/li>\n<li><strong>Alerta de faltas<\/strong> cometidas<\/li>\n<li>Informes personalizables<\/li>\n<li><strong>Renovaci\u00f3n de tarjetas<\/strong><\/li>\n<li>Apoyo administrativo<\/li>\n<\/ul>\n<p>Y adem\u00e1s:<\/p>\n<ul>\n<li><strong>Localizaci\u00f3n GPS<\/strong><\/li>\n<li><strong>Gesti\u00f3n de flotas<\/strong><\/li>\n<li>Herramientas de descarga manual y <strong>descarga remota<\/strong>, en funci\u00f3n de las necesidades del cliente<\/li>\n<\/ul>\n<p>P\u00f3ngase en contacto con nosotros para <a href=\"https:\/\/www.tadig.es\/demo\/\">ver una demostraci\u00f3n del servicio<\/a>, o <a href=\"https:\/\/www.tadig.es\/contacto\">pida un presupuesto ajustado a sus necesidades<\/a>.<\/p>\n<\/div>\n","protected":false},"excerpt":{"rendered":"<p>Decir que todos los veh\u00edculos pesados deben hacer uso del tac\u00f3grafo es una generalizaci\u00f3n. Esta resulta acertada en la mayor\u00eda de casos, pero existen excepciones. Ya hemos visto los tipos de veh\u00edculos que no est\u00e1n obligados a equipar tac\u00f3grafo, pero existen transportes, realizados por veh\u00edculos que equipan tac\u00f3grafo, que tampoco deben registrar sus actividades. Esto&hellip;&nbsp;<\/p>\n<div class=\"read-more-wrapper\"><a href=\"https:\/\/www.tadig.es\/blog\/out-tacografo-fuera-de-ambito\/\" class=\"button button-primary\" rel=\"bookmark\">Seguir leyendo \u00bb<span class=\"screen-reader-text\">Modo \u201cOUT\u201d del tac\u00f3grafo: Fuera de \u00c1mbito<\/span><\/a><\/div>\n","protected":false},"author":2,"featured_media":1793,"comment_status":"open","ping_status":"closed","sticky":false,"template":"","format":"standard","meta":{"neve_meta_sidebar":"","neve_meta_container":"","neve_meta_enable_content_width":"","neve_meta_content_width":0,"neve_meta_title_alignment":"","neve_meta_author_avatar":"","neve_post_elements_order":"","neve_meta_disable_header":"","neve_meta_disable_footer":"","neve_meta_disable_title":"","neve_meta_reading_time":"","footnotes":""},"categories":[5],"tags":[52,55,50],"class_list":["post-1783","post","type-post","status-publish","format-standard","has-post-thumbnail","hentry","category-tecnicas","tag-aprende-a-usar-el-tacografo-digital","tag-legislacion-del-tacografo","tag-tiempos-de-conduccion-y-descanso"],"yoast_head":"<!-- This site is optimized with the Yoast SEO plugin v27.1.1 - https:\/\/yoast.com\/product\/yoast-seo-wordpress\/ -->\n<title>Modo \u201cOUT\u201d del tac\u00f3grafo: Fuera de \u00c1mbito - TADIG | Blog<\/title>\n<meta name=\"description\" content=\"Qu\u00e9 es el fuera de \u00e1mbito o modo \u201cout\u201d del tac\u00f3grafo, qu\u00e9 funci\u00f3n tiene y en qu\u00e9 casos emplearlo en el tac\u00f3grafo digital.\" \/>\n<meta name=\"robots\" content=\"index, follow, max-snippet:-1, max-image-preview:large, max-video-preview:-1\" \/>\n<link rel=\"canonical\" href=\"https:\/\/www.tadig.es\/blog\/out-tacografo-fuera-de-ambito\/\" \/>\n<meta property=\"og:locale\" content=\"es_ES\" \/>\n<meta property=\"og:type\" content=\"article\" \/>\n<meta property=\"og:title\" content=\"Modo \u201cOUT\u201d del tac\u00f3grafo: Fuera de \u00c1mbito - TADIG | Blog\" \/>\n<meta property=\"og:description\" content=\"Qu\u00e9 es el fuera de \u00e1mbito o modo \u201cout\u201d del tac\u00f3grafo, qu\u00e9 funci\u00f3n tiene y en qu\u00e9 casos emplearlo en el tac\u00f3grafo digital.\" \/>\n<meta property=\"og:url\" content=\"https:\/\/www.tadig.es\/blog\/out-tacografo-fuera-de-ambito\/\" \/>\n<meta property=\"og:site_name\" content=\"TADIG | Blog\" \/>\n<meta property=\"article:published_time\" content=\"2020-09-07T07:00:07+00:00\" \/>\n<meta property=\"article:modified_time\" content=\"2022-01-14T14:04:41+00:00\" \/>\n<meta property=\"og:image\" content=\"https:\/\/www.tadig.es\/blog\/wp-content\/uploads\/2020\/09\/out-tacografo.jpg\" \/>\n\t<meta property=\"og:image:width\" content=\"1000\" \/>\n\t<meta property=\"og:image:height\" content=\"667\" \/>\n\t<meta property=\"og:image:type\" content=\"image\/jpeg\" \/>\n<meta name=\"author\" content=\"Raquel de TADIG\" \/>\n<meta name=\"twitter:card\" content=\"summary_large_image\" \/>\n<meta name=\"twitter:creator\" content=\"@tacografo_Tadig\" \/>\n<meta name=\"twitter:site\" content=\"@tacografo_Tadig\" \/>\n<meta name=\"twitter:label1\" content=\"Escrito por\" \/>\n\t<meta name=\"twitter:data1\" content=\"Raquel de TADIG\" \/>\n\t<meta name=\"twitter:label2\" content=\"Tiempo de lectura\" \/>\n\t<meta name=\"twitter:data2\" content=\"8 minutos\" \/>\n<script type=\"application\/ld+json\" class=\"yoast-schema-graph\">{\"@context\":\"https:\/\/schema.org\",\"@graph\":[{\"@type\":\"Article\",\"@id\":\"https:\/\/www.tadig.es\/blog\/out-tacografo-fuera-de-ambito\/#article\",\"isPartOf\":{\"@id\":\"https:\/\/www.tadig.es\/blog\/out-tacografo-fuera-de-ambito\/\"},\"author\":{\"name\":\"Raquel de TADIG\",\"@id\":\"https:\/\/www.tadig.es\/blog\/#\/schema\/person\/9cf0c19b32fe558592dd4e212befeeac\"},\"headline\":\"Modo \u201cOUT\u201d del tac\u00f3grafo: Fuera de \u00c1mbito\",\"datePublished\":\"2020-09-07T07:00:07+00:00\",\"dateModified\":\"2022-01-14T14:04:41+00:00\",\"mainEntityOfPage\":{\"@id\":\"https:\/\/www.tadig.es\/blog\/out-tacografo-fuera-de-ambito\/\"},\"wordCount\":1954,\"commentCount\":173,\"publisher\":{\"@id\":\"https:\/\/www.tadig.es\/blog\/#organization\"},\"image\":{\"@id\":\"https:\/\/www.tadig.es\/blog\/out-tacografo-fuera-de-ambito\/#primaryimage\"},\"thumbnailUrl\":\"https:\/\/www.tadig.es\/blog\/wp-content\/uploads\/2020\/09\/out-tacografo.jpg\",\"keywords\":[\"aprende a usar el tac\u00f3grafo digital\",\"legislaci\u00f3n del tac\u00f3grafo\",\"tiempos de conducci\u00f3n y descanso\"],\"articleSection\":[\"Cuestiones t\u00e9cnicas\"],\"inLanguage\":\"es\",\"potentialAction\":[{\"@type\":\"CommentAction\",\"name\":\"Comment\",\"target\":[\"https:\/\/www.tadig.es\/blog\/out-tacografo-fuera-de-ambito\/#respond\"]}]},{\"@type\":\"WebPage\",\"@id\":\"https:\/\/www.tadig.es\/blog\/out-tacografo-fuera-de-ambito\/\",\"url\":\"https:\/\/www.tadig.es\/blog\/out-tacografo-fuera-de-ambito\/\",\"name\":\"Modo \u201cOUT\u201d del tac\u00f3grafo: Fuera de \u00c1mbito - TADIG | Blog\",\"isPartOf\":{\"@id\":\"https:\/\/www.tadig.es\/blog\/#website\"},\"primaryImageOfPage\":{\"@id\":\"https:\/\/www.tadig.es\/blog\/out-tacografo-fuera-de-ambito\/#primaryimage\"},\"image\":{\"@id\":\"https:\/\/www.tadig.es\/blog\/out-tacografo-fuera-de-ambito\/#primaryimage\"},\"thumbnailUrl\":\"https:\/\/www.tadig.es\/blog\/wp-content\/uploads\/2020\/09\/out-tacografo.jpg\",\"datePublished\":\"2020-09-07T07:00:07+00:00\",\"dateModified\":\"2022-01-14T14:04:41+00:00\",\"description\":\"Qu\u00e9 es el fuera de \u00e1mbito o modo \u201cout\u201d del tac\u00f3grafo, qu\u00e9 funci\u00f3n tiene y en qu\u00e9 casos emplearlo en el tac\u00f3grafo digital.\",\"breadcrumb\":{\"@id\":\"https:\/\/www.tadig.es\/blog\/out-tacografo-fuera-de-ambito\/#breadcrumb\"},\"inLanguage\":\"es\",\"potentialAction\":[{\"@type\":\"ReadAction\",\"target\":[\"https:\/\/www.tadig.es\/blog\/out-tacografo-fuera-de-ambito\/\"]}]},{\"@type\":\"ImageObject\",\"inLanguage\":\"es\",\"@id\":\"https:\/\/www.tadig.es\/blog\/out-tacografo-fuera-de-ambito\/#primaryimage\",\"url\":\"https:\/\/www.tadig.es\/blog\/wp-content\/uploads\/2020\/09\/out-tacografo.jpg\",\"contentUrl\":\"https:\/\/www.tadig.es\/blog\/wp-content\/uploads\/2020\/09\/out-tacografo.jpg\",\"width\":1000,\"height\":667,\"caption\":\"out tac\u00f3grafo\"},{\"@type\":\"BreadcrumbList\",\"@id\":\"https:\/\/www.tadig.es\/blog\/out-tacografo-fuera-de-ambito\/#breadcrumb\",\"itemListElement\":[{\"@type\":\"ListItem\",\"position\":1,\"name\":\"Blog\",\"item\":\"https:\/\/www.tadig.es\/blog\/\"},{\"@type\":\"ListItem\",\"position\":2,\"name\":\"Modo \u201cOUT\u201d del tac\u00f3grafo: Fuera de \u00c1mbito\"}]},{\"@type\":\"WebSite\",\"@id\":\"https:\/\/www.tadig.es\/blog\/#website\",\"url\":\"https:\/\/www.tadig.es\/blog\/\",\"name\":\"TADIG | Blog\",\"description\":\"Todo lo que necesitas saber sobre el tac\u00f3grafo digital.\",\"publisher\":{\"@id\":\"https:\/\/www.tadig.es\/blog\/#organization\"},\"potentialAction\":[{\"@type\":\"SearchAction\",\"target\":{\"@type\":\"EntryPoint\",\"urlTemplate\":\"https:\/\/www.tadig.es\/blog\/?s={search_term_string}\"},\"query-input\":{\"@type\":\"PropertyValueSpecification\",\"valueRequired\":true,\"valueName\":\"search_term_string\"}}],\"inLanguage\":\"es\"},{\"@type\":\"Organization\",\"@id\":\"https:\/\/www.tadig.es\/blog\/#organization\",\"name\":\"TADIG\",\"url\":\"https:\/\/www.tadig.es\/blog\/\",\"logo\":{\"@type\":\"ImageObject\",\"inLanguage\":\"es\",\"@id\":\"https:\/\/www.tadig.es\/blog\/#\/schema\/logo\/image\/\",\"url\":\"https:\/\/www.tadig.es\/blog\/wp-content\/uploads\/2019\/06\/logo-tadig-1.png\",\"contentUrl\":\"https:\/\/www.tadig.es\/blog\/wp-content\/uploads\/2019\/06\/logo-tadig-1.png\",\"width\":96,\"height\":50,\"caption\":\"TADIG\"},\"image\":{\"@id\":\"https:\/\/www.tadig.es\/blog\/#\/schema\/logo\/image\/\"},\"sameAs\":[\"https:\/\/x.com\/tacografo_Tadig\"]},{\"@type\":\"Person\",\"@id\":\"https:\/\/www.tadig.es\/blog\/#\/schema\/person\/9cf0c19b32fe558592dd4e212befeeac\",\"name\":\"Raquel de TADIG\",\"image\":{\"@type\":\"ImageObject\",\"inLanguage\":\"es\",\"@id\":\"https:\/\/www.tadig.es\/blog\/#\/schema\/person\/image\/\",\"url\":\"https:\/\/secure.gravatar.com\/avatar\/670741e8776dde149139572ca54e203f920ec4d7da6cbcc5c032734ff57ba297?s=96&d=mm&r=g\",\"contentUrl\":\"https:\/\/secure.gravatar.com\/avatar\/670741e8776dde149139572ca54e203f920ec4d7da6cbcc5c032734ff57ba297?s=96&d=mm&r=g\",\"caption\":\"Raquel de TADIG\"}}]}<\/script>\n<!-- \/ Yoast SEO plugin. -->","yoast_head_json":{"title":"Modo \u201cOUT\u201d del tac\u00f3grafo: Fuera de \u00c1mbito - TADIG | Blog","description":"Qu\u00e9 es el fuera de \u00e1mbito o modo \u201cout\u201d del tac\u00f3grafo, qu\u00e9 funci\u00f3n tiene y en qu\u00e9 casos emplearlo en el tac\u00f3grafo digital.","robots":{"index":"index","follow":"follow","max-snippet":"max-snippet:-1","max-image-preview":"max-image-preview:large","max-video-preview":"max-video-preview:-1"},"canonical":"https:\/\/www.tadig.es\/blog\/out-tacografo-fuera-de-ambito\/","og_locale":"es_ES","og_type":"article","og_title":"Modo \u201cOUT\u201d del tac\u00f3grafo: Fuera de \u00c1mbito - TADIG | Blog","og_description":"Qu\u00e9 es el fuera de \u00e1mbito o modo \u201cout\u201d del tac\u00f3grafo, qu\u00e9 funci\u00f3n tiene y en qu\u00e9 casos emplearlo en el tac\u00f3grafo digital.","og_url":"https:\/\/www.tadig.es\/blog\/out-tacografo-fuera-de-ambito\/","og_site_name":"TADIG | Blog","article_published_time":"2020-09-07T07:00:07+00:00","article_modified_time":"2022-01-14T14:04:41+00:00","og_image":[{"width":1000,"height":667,"url":"https:\/\/www.tadig.es\/blog\/wp-content\/uploads\/2020\/09\/out-tacografo.jpg","type":"image\/jpeg"}],"author":"Raquel de TADIG","twitter_card":"summary_large_image","twitter_creator":"@tacografo_Tadig","twitter_site":"@tacografo_Tadig","twitter_misc":{"Escrito por":"Raquel de TADIG","Tiempo de lectura":"8 minutos"},"schema":{"@context":"https:\/\/schema.org","@graph":[{"@type":"Article","@id":"https:\/\/www.tadig.es\/blog\/out-tacografo-fuera-de-ambito\/#article","isPartOf":{"@id":"https:\/\/www.tadig.es\/blog\/out-tacografo-fuera-de-ambito\/"},"author":{"name":"Raquel de TADIG","@id":"https:\/\/www.tadig.es\/blog\/#\/schema\/person\/9cf0c19b32fe558592dd4e212befeeac"},"headline":"Modo \u201cOUT\u201d del tac\u00f3grafo: Fuera de \u00c1mbito","datePublished":"2020-09-07T07:00:07+00:00","dateModified":"2022-01-14T14:04:41+00:00","mainEntityOfPage":{"@id":"https:\/\/www.tadig.es\/blog\/out-tacografo-fuera-de-ambito\/"},"wordCount":1954,"commentCount":173,"publisher":{"@id":"https:\/\/www.tadig.es\/blog\/#organization"},"image":{"@id":"https:\/\/www.tadig.es\/blog\/out-tacografo-fuera-de-ambito\/#primaryimage"},"thumbnailUrl":"https:\/\/www.tadig.es\/blog\/wp-content\/uploads\/2020\/09\/out-tacografo.jpg","keywords":["aprende a usar el tac\u00f3grafo digital","legislaci\u00f3n del tac\u00f3grafo","tiempos de conducci\u00f3n y descanso"],"articleSection":["Cuestiones t\u00e9cnicas"],"inLanguage":"es","potentialAction":[{"@type":"CommentAction","name":"Comment","target":["https:\/\/www.tadig.es\/blog\/out-tacografo-fuera-de-ambito\/#respond"]}]},{"@type":"WebPage","@id":"https:\/\/www.tadig.es\/blog\/out-tacografo-fuera-de-ambito\/","url":"https:\/\/www.tadig.es\/blog\/out-tacografo-fuera-de-ambito\/","name":"Modo \u201cOUT\u201d del tac\u00f3grafo: Fuera de \u00c1mbito - TADIG | Blog","isPartOf":{"@id":"https:\/\/www.tadig.es\/blog\/#website"},"primaryImageOfPage":{"@id":"https:\/\/www.tadig.es\/blog\/out-tacografo-fuera-de-ambito\/#primaryimage"},"image":{"@id":"https:\/\/www.tadig.es\/blog\/out-tacografo-fuera-de-ambito\/#primaryimage"},"thumbnailUrl":"https:\/\/www.tadig.es\/blog\/wp-content\/uploads\/2020\/09\/out-tacografo.jpg","datePublished":"2020-09-07T07:00:07+00:00","dateModified":"2022-01-14T14:04:41+00:00","description":"Qu\u00e9 es el fuera de \u00e1mbito o modo \u201cout\u201d del tac\u00f3grafo, qu\u00e9 funci\u00f3n tiene y en qu\u00e9 casos emplearlo en el tac\u00f3grafo digital.","breadcrumb":{"@id":"https:\/\/www.tadig.es\/blog\/out-tacografo-fuera-de-ambito\/#breadcrumb"},"inLanguage":"es","potentialAction":[{"@type":"ReadAction","target":["https:\/\/www.tadig.es\/blog\/out-tacografo-fuera-de-ambito\/"]}]},{"@type":"ImageObject","inLanguage":"es","@id":"https:\/\/www.tadig.es\/blog\/out-tacografo-fuera-de-ambito\/#primaryimage","url":"https:\/\/www.tadig.es\/blog\/wp-content\/uploads\/2020\/09\/out-tacografo.jpg","contentUrl":"https:\/\/www.tadig.es\/blog\/wp-content\/uploads\/2020\/09\/out-tacografo.jpg","width":1000,"height":667,"caption":"out tac\u00f3grafo"},{"@type":"BreadcrumbList","@id":"https:\/\/www.tadig.es\/blog\/out-tacografo-fuera-de-ambito\/#breadcrumb","itemListElement":[{"@type":"ListItem","position":1,"name":"Blog","item":"https:\/\/www.tadig.es\/blog\/"},{"@type":"ListItem","position":2,"name":"Modo \u201cOUT\u201d del tac\u00f3grafo: Fuera de \u00c1mbito"}]},{"@type":"WebSite","@id":"https:\/\/www.tadig.es\/blog\/#website","url":"https:\/\/www.tadig.es\/blog\/","name":"TADIG | Blog","description":"Todo lo que necesitas saber sobre el tac\u00f3grafo digital.","publisher":{"@id":"https:\/\/www.tadig.es\/blog\/#organization"},"potentialAction":[{"@type":"SearchAction","target":{"@type":"EntryPoint","urlTemplate":"https:\/\/www.tadig.es\/blog\/?s={search_term_string}"},"query-input":{"@type":"PropertyValueSpecification","valueRequired":true,"valueName":"search_term_string"}}],"inLanguage":"es"},{"@type":"Organization","@id":"https:\/\/www.tadig.es\/blog\/#organization","name":"TADIG","url":"https:\/\/www.tadig.es\/blog\/","logo":{"@type":"ImageObject","inLanguage":"es","@id":"https:\/\/www.tadig.es\/blog\/#\/schema\/logo\/image\/","url":"https:\/\/www.tadig.es\/blog\/wp-content\/uploads\/2019\/06\/logo-tadig-1.png","contentUrl":"https:\/\/www.tadig.es\/blog\/wp-content\/uploads\/2019\/06\/logo-tadig-1.png","width":96,"height":50,"caption":"TADIG"},"image":{"@id":"https:\/\/www.tadig.es\/blog\/#\/schema\/logo\/image\/"},"sameAs":["https:\/\/x.com\/tacografo_Tadig"]},{"@type":"Person","@id":"https:\/\/www.tadig.es\/blog\/#\/schema\/person\/9cf0c19b32fe558592dd4e212befeeac","name":"Raquel de TADIG","image":{"@type":"ImageObject","inLanguage":"es","@id":"https:\/\/www.tadig.es\/blog\/#\/schema\/person\/image\/","url":"https:\/\/secure.gravatar.com\/avatar\/670741e8776dde149139572ca54e203f920ec4d7da6cbcc5c032734ff57ba297?s=96&d=mm&r=g","contentUrl":"https:\/\/secure.gravatar.com\/avatar\/670741e8776dde149139572ca54e203f920ec4d7da6cbcc5c032734ff57ba297?s=96&d=mm&r=g","caption":"Raquel de TADIG"}}]}},"_links":{"self":[{"href":"https:\/\/www.tadig.es\/blog\/wp-json\/wp\/v2\/posts\/1783","targetHints":{"allow":["GET"]}}],"collection":[{"href":"https:\/\/www.tadig.es\/blog\/wp-json\/wp\/v2\/posts"}],"about":[{"href":"https:\/\/www.tadig.es\/blog\/wp-json\/wp\/v2\/types\/post"}],"author":[{"embeddable":true,"href":"https:\/\/www.tadig.es\/blog\/wp-json\/wp\/v2\/users\/2"}],"replies":[{"embeddable":true,"href":"https:\/\/www.tadig.es\/blog\/wp-json\/wp\/v2\/comments?post=1783"}],"version-history":[{"count":0,"href":"https:\/\/www.tadig.es\/blog\/wp-json\/wp\/v2\/posts\/1783\/revisions"}],"wp:featuredmedia":[{"embeddable":true,"href":"https:\/\/www.tadig.es\/blog\/wp-json\/wp\/v2\/media\/1793"}],"wp:attachment":[{"href":"https:\/\/www.tadig.es\/blog\/wp-json\/wp\/v2\/media?parent=1783"}],"wp:term":[{"taxonomy":"category","embeddable":true,"href":"https:\/\/www.tadig.es\/blog\/wp-json\/wp\/v2\/categories?post=1783"},{"taxonomy":"post_tag","embeddable":true,"href":"https:\/\/www.tadig.es\/blog\/wp-json\/wp\/v2\/tags?post=1783"}],"curies":[{"name":"wp","href":"https:\/\/api.w.org\/{rel}","templated":true}]}}