



{"id":1136,"date":"2019-12-16T09:00:44","date_gmt":"2019-12-16T08:00:44","guid":{"rendered":"https:\/\/www.tadig.es\/blog\/?p=1136"},"modified":"2021-10-21T13:31:34","modified_gmt":"2021-10-21T11:31:34","slug":"cambiar-hora-tacografo-digital","status":"publish","type":"post","link":"https:\/\/www.tadig.es\/blog\/cambiar-hora-tacografo-digital\/","title":{"rendered":"C\u00f3mo cambiar la hora en el tac\u00f3grafo digital"},"content":{"rendered":"<p>Un detalle que se puede observar tras el uso continuado del tac\u00f3grafo es que las horas de la pantalla y de las impresiones en papel no coinciden. Esto se debe a que el aparato de control funciona con dos ajustes de hora: uno universal y otro local. Al principio puede resultar algo confuso, y por eso a continuaci\u00f3n explicamos para qu\u00e9 sirve cada uno. Tambi\u00e9n veremos c\u00f3mo cambiar la hora en el tac\u00f3grafo digital, tanto en la visualizaci\u00f3n en pantalla como en el registro oficial y v\u00e1lido ante la administraci\u00f3n.<\/p>\n<p>No tener el tac\u00f3grafo en hora est\u00e1 recogido en el <a href=\"https:\/\/www.tadig.es\/blog\/normativa-tacografo-digital-2020\/\" target=\"_blank\" rel=\"noopener noreferrer\">baremo sancionador<\/a> como infracci\u00f3n muy grave en caso de que impida leer las actividades del conductor. Supone una sanci\u00f3n de 1.001\u20ac y p\u00e9rdida de la honorabilidad.<\/p>\n<h2>Qu\u00e9 es la hora UTC del tac\u00f3grafo digital<\/h2>\n<p><strong>En el <a href=\"https:\/\/www.fomento.gob.es\/areas-de-actividad\/transporte-terrestre\/inspeccion-y-seguridad-en-el-transporte\/tacografo-digital\/la-unidad-de-vehiculo\" target=\"_blank\" rel=\"noopener noreferrer\">registro reglamentario del aparato de control<\/a>, la hora debe figurar siempre en horario UTC.<\/strong> El Universal Time Coordinated (traducido como Hora Universal Coordinada) es la misma para todo el planeta y coincide con la franja horaria GMT. Sin embargo, la hora UTC no es c\u00f3moda para el uso diario del tac\u00f3grafo. Por eso, en la pantalla figura la hora local.<\/p>\n<p>La hora local en la Pen\u00ednsula Ib\u00e9rica es GMT+1 \u00f3 GMT+2, dependiendo de la \u00e9poca del a\u00f1o. As\u00ed, <strong>la hora en la pantalla del tac\u00f3grafo debe ser mayor que la hora UTC que figura en los tickets<\/strong>. Tambi\u00e9n figurar\u00e1 hora UTC en las entradas manuales.<\/p>\n<h2>C\u00f3mo cambiar la hora en el tac\u00f3grafo digital<\/h2>\n<p>En todos los tac\u00f3grafos digitales, <strong>el ajuste de la hora local se hace por bloques de 30 minutos en funci\u00f3n de la hora UTC.<\/strong> El proceso es similar en todas las marcas:<\/p>\n<ul>\n<li>Para <strong>tac\u00f3grafos VDO<\/strong>, en el men\u00fa principal, habr\u00e1 que pulsar las flechas hasta llegar a la opci\u00f3n \u201cEntrada Veh\u00edculo\u201d y, a continuaci\u00f3n, pulsar el bot\u00f3n OK. Una vez dentro de esta opci\u00f3n, pulsar las flechas hasta que figure la hora local que necesitemos. Confirmar pulsando OK de nuevo. Salir del men\u00fa pulsando el bot\u00f3n de retroceder.<\/li>\n<li>En el caso de los <strong>tac\u00f3grafos Stoneridge<\/strong>, habr\u00e1 que pulsar OK para ir al men\u00fa. Con los botones de flechas, buscar el men\u00fa \u201cConfiguraci\u00f3n\u201d y entrar pulsando OK. Una vez dentro, buscar la pantalla \u201cAjuste de Hora Local\u201d y pulsar OK de nuevo. En este men\u00fa podremos cambiar la hora con los botones de flechas y confirmar pulsando OK, y por \u00faltimo salir del men\u00fa pulsando la tecla de retroceso.<\/li>\n<\/ul>\n<h3>Cambiar la hora en taller<\/h3>\n<p>Como ya hemos dicho, el cambio de la hora local en el tac\u00f3grafo se hace en funci\u00f3n de la hora UTC. Esta se indica en el aparato de control en el momento del calibrado. En caso de que la hora UTC no sea correcta por m\u00e1s o por menos de 20 minutos, habr\u00e1 que acudir a un taller homologado. All\u00ed ajustar\u00e1n la hora UTC para que sea la correcta.<\/p>\n<p><strong>Para ajustes de menos de 20 minutos, se pueden hacer correcciones de 1 minuto<\/strong>, buscando la opci\u00f3n \u201cCorrecci\u00f3n UTC\u201d dentro de la opci\u00f3n de ajuste de hora del tac\u00f3grafo<strong>. Este ajuste s\u00f3lo se puede hacer una vez cada 7 d\u00edas. <\/strong><\/p>\n<p>Los fabricantes de tac\u00f3grafos presentan esta opci\u00f3n por si el tac\u00f3grafo tuviera alg\u00fan peque\u00f1o desajuste durante su uso, o por posibles errores durante el calibrado. Sin embargo, es raro tener que hacer este cambio de forma manual. Por otro lado, <strong>si se hace mal puede producir un desajuste importante<\/strong> en el aparato de control que derivar\u00eda en solapamiento de periodos. Por eso es recomendable no cambiar la hora UTC y, en caso de necesidad, acudir a un centro autorizado.<\/p>\n<h2>Cu\u00e1ndo cambiar la hora en el tac\u00f3grafo<\/h2>\n<p>En Espa\u00f1a tenemos dos cambios de hora, para ajustarse al horario de verano y de invierno, respectivamente.<\/p>\n<ul>\n<li><strong>Horario de verano.<\/strong> Se produce el \u00faltimo domingo de marzo. Hay que adelantar los relojes una hora.<\/li>\n<li><strong>Horario de invierno.<\/strong> El cambio ocurre el \u00faltimo domingo de octubre. En este caso, hay que atrasar los relojes una hora.<\/li>\n<\/ul>\n<p>Para transportistas que hagan todas sus rutas en Canarias, el horario de invierno coincide con la hora UTC. El horario de verano, por su parte, ser\u00e1 una hora mayor al formato UTC.<\/p>\n<p>En general, el cambio de hora no influye en el uso diario del aparato de control. As\u00ed, no ser\u00e1 necesario cambiar la hora del tac\u00f3grafo para un funcionamiento correcto. Sin embargo, este peque\u00f1o ajuste facilita mucho el trabajo del ch\u00f3fer en su d\u00eda a d\u00eda.<\/p>\n<div class=\"su-box-content green\">\n<span class=\"su-box-title\">Servicios del tac\u00f3grafo digital<\/span><br \/>\n<strong>TADIG ofrece servicios de an\u00e1lisis del tac\u00f3grafo digital<\/strong>, adem\u00e1s de custodia durante el periodo legal exigible, <strong>a empresas y aut\u00f3nomos<\/strong>.<br \/>\n<br \/>\nNuestros servicios incluyen:<\/p>\n<ul>\n<li><strong>Lectura autom\u00e1tica de ficheros<\/strong> del tac\u00f3grafo digital<\/li>\n<li><strong>Guarda y custodia de datos<\/strong> del tac\u00f3grafo<\/li>\n<li><strong>Registro de jornada<\/strong> para ch\u00f3feres<\/li>\n<li><strong>Alerta de faltas<\/strong> cometidas<\/li>\n<li>Informes personalizables<\/li>\n<li><strong>Renovaci\u00f3n de tarjetas<\/strong><\/li>\n<li>Apoyo administrativo<\/li>\n<\/ul>\n<p>Y adem\u00e1s:<\/p>\n<ul>\n<li><strong>Localizaci\u00f3n GPS<\/strong><\/li>\n<li><strong>Gesti\u00f3n de flotas<\/strong><\/li>\n<li>Herramientas de descarga manual y <strong>descarga remota<\/strong>, en funci\u00f3n de las necesidades del cliente<\/li>\n<\/ul>\n<p>P\u00f3ngase en contacto con nosotros para <a href=\"https:\/\/www.tadig.es\/demo\/\">ver una demostraci\u00f3n del servicio<\/a>, o <a href=\"https:\/\/www.tadig.es\/contacto\">pida un presupuesto ajustado a sus necesidades<\/a>.<\/p>\n<\/div>\n","protected":false},"excerpt":{"rendered":"<p>Un detalle que se puede observar tras el uso continuado del tac\u00f3grafo es que las horas de la pantalla y de las impresiones en papel no coinciden. Esto se debe a que el aparato de control funciona con dos ajustes de hora: uno universal y otro local. Al principio puede resultar algo confuso, y por&hellip;&nbsp;<\/p>\n<div class=\"read-more-wrapper\"><a href=\"https:\/\/www.tadig.es\/blog\/cambiar-hora-tacografo-digital\/\" class=\"button button-primary\" rel=\"bookmark\">Seguir leyendo \u00bb<span class=\"screen-reader-text\">C\u00f3mo cambiar la hora en el tac\u00f3grafo digital<\/span><\/a><\/div>\n","protected":false},"author":2,"featured_media":1137,"comment_status":"open","ping_status":"closed","sticky":false,"template":"","format":"standard","meta":{"neve_meta_sidebar":"","neve_meta_container":"","neve_meta_enable_content_width":"","neve_meta_content_width":0,"neve_meta_title_alignment":"","neve_meta_author_avatar":"","neve_post_elements_order":"","neve_meta_disable_header":"","neve_meta_disable_footer":"","neve_meta_disable_title":"","neve_meta_reading_time":"","footnotes":""},"categories":[5],"tags":[52,33],"class_list":["post-1136","post","type-post","status-publish","format-standard","has-post-thumbnail","hentry","category-tecnicas","tag-aprende-a-usar-el-tacografo-digital","tag-gestion-del-tacografo-digital"],"yoast_head":"<!-- This site is optimized with the Yoast SEO plugin v27.1.1 - https:\/\/yoast.com\/product\/yoast-seo-wordpress\/ -->\n<title>C\u00f3mo cambiar la hora en el tac\u00f3grafo digital - TADIG | Blog<\/title>\n<meta name=\"description\" content=\"Aprende a cambiar la hora en el tac\u00f3grafo digital para ajustarse al horario local, y a ajustar la hora UTC en los casos previstos.\" \/>\n<meta name=\"robots\" content=\"index, follow, max-snippet:-1, max-image-preview:large, max-video-preview:-1\" \/>\n<link rel=\"canonical\" href=\"https:\/\/www.tadig.es\/blog\/cambiar-hora-tacografo-digital\/\" \/>\n<meta property=\"og:locale\" content=\"es_ES\" \/>\n<meta property=\"og:type\" content=\"article\" \/>\n<meta property=\"og:title\" content=\"C\u00f3mo cambiar la hora en el tac\u00f3grafo digital - TADIG | Blog\" \/>\n<meta property=\"og:description\" content=\"Aprende a cambiar la hora en el tac\u00f3grafo digital para ajustarse al horario local, y a ajustar la hora UTC en los casos previstos.\" \/>\n<meta property=\"og:url\" content=\"https:\/\/www.tadig.es\/blog\/cambiar-hora-tacografo-digital\/\" \/>\n<meta property=\"og:site_name\" content=\"TADIG | Blog\" \/>\n<meta property=\"article:published_time\" content=\"2019-12-16T08:00:44+00:00\" \/>\n<meta property=\"article:modified_time\" content=\"2021-10-21T11:31:34+00:00\" \/>\n<meta property=\"og:image\" content=\"https:\/\/www.tadig.es\/blog\/wp-content\/uploads\/2019\/12\/patrick-tomasso-5WUB10XtehU-unsplash.jpg\" \/>\n\t<meta property=\"og:image:width\" content=\"4592\" \/>\n\t<meta property=\"og:image:height\" content=\"3448\" \/>\n\t<meta property=\"og:image:type\" content=\"image\/jpeg\" \/>\n<meta name=\"author\" content=\"Raquel de TADIG\" \/>\n<meta name=\"twitter:card\" content=\"summary_large_image\" \/>\n<meta name=\"twitter:creator\" content=\"@tacografo_Tadig\" \/>\n<meta name=\"twitter:site\" content=\"@tacografo_Tadig\" \/>\n<meta name=\"twitter:label1\" content=\"Escrito por\" \/>\n\t<meta name=\"twitter:data1\" content=\"Raquel de TADIG\" \/>\n\t<meta name=\"twitter:label2\" content=\"Tiempo de lectura\" \/>\n\t<meta name=\"twitter:data2\" content=\"4 minutos\" \/>\n<script type=\"application\/ld+json\" class=\"yoast-schema-graph\">{\"@context\":\"https:\/\/schema.org\",\"@graph\":[{\"@type\":\"Article\",\"@id\":\"https:\/\/www.tadig.es\/blog\/cambiar-hora-tacografo-digital\/#article\",\"isPartOf\":{\"@id\":\"https:\/\/www.tadig.es\/blog\/cambiar-hora-tacografo-digital\/\"},\"author\":{\"name\":\"Raquel de TADIG\",\"@id\":\"https:\/\/www.tadig.es\/blog\/#\/schema\/person\/9cf0c19b32fe558592dd4e212befeeac\"},\"headline\":\"C\u00f3mo cambiar la hora en el tac\u00f3grafo digital\",\"datePublished\":\"2019-12-16T08:00:44+00:00\",\"dateModified\":\"2021-10-21T11:31:34+00:00\",\"mainEntityOfPage\":{\"@id\":\"https:\/\/www.tadig.es\/blog\/cambiar-hora-tacografo-digital\/\"},\"wordCount\":912,\"commentCount\":0,\"publisher\":{\"@id\":\"https:\/\/www.tadig.es\/blog\/#organization\"},\"image\":{\"@id\":\"https:\/\/www.tadig.es\/blog\/cambiar-hora-tacografo-digital\/#primaryimage\"},\"thumbnailUrl\":\"https:\/\/www.tadig.es\/blog\/wp-content\/uploads\/2019\/12\/patrick-tomasso-5WUB10XtehU-unsplash.jpg\",\"keywords\":[\"aprende a usar el tac\u00f3grafo digital\",\"gesti\u00f3n del tac\u00f3grafo digital\"],\"articleSection\":[\"Cuestiones t\u00e9cnicas\"],\"inLanguage\":\"es\",\"potentialAction\":[{\"@type\":\"CommentAction\",\"name\":\"Comment\",\"target\":[\"https:\/\/www.tadig.es\/blog\/cambiar-hora-tacografo-digital\/#respond\"]}]},{\"@type\":\"WebPage\",\"@id\":\"https:\/\/www.tadig.es\/blog\/cambiar-hora-tacografo-digital\/\",\"url\":\"https:\/\/www.tadig.es\/blog\/cambiar-hora-tacografo-digital\/\",\"name\":\"C\u00f3mo cambiar la hora en el tac\u00f3grafo digital - TADIG | Blog\",\"isPartOf\":{\"@id\":\"https:\/\/www.tadig.es\/blog\/#website\"},\"primaryImageOfPage\":{\"@id\":\"https:\/\/www.tadig.es\/blog\/cambiar-hora-tacografo-digital\/#primaryimage\"},\"image\":{\"@id\":\"https:\/\/www.tadig.es\/blog\/cambiar-hora-tacografo-digital\/#primaryimage\"},\"thumbnailUrl\":\"https:\/\/www.tadig.es\/blog\/wp-content\/uploads\/2019\/12\/patrick-tomasso-5WUB10XtehU-unsplash.jpg\",\"datePublished\":\"2019-12-16T08:00:44+00:00\",\"dateModified\":\"2021-10-21T11:31:34+00:00\",\"description\":\"Aprende a cambiar la hora en el tac\u00f3grafo digital para ajustarse al horario local, y a ajustar la hora UTC en los casos previstos.\",\"breadcrumb\":{\"@id\":\"https:\/\/www.tadig.es\/blog\/cambiar-hora-tacografo-digital\/#breadcrumb\"},\"inLanguage\":\"es\",\"potentialAction\":[{\"@type\":\"ReadAction\",\"target\":[\"https:\/\/www.tadig.es\/blog\/cambiar-hora-tacografo-digital\/\"]}]},{\"@type\":\"ImageObject\",\"inLanguage\":\"es\",\"@id\":\"https:\/\/www.tadig.es\/blog\/cambiar-hora-tacografo-digital\/#primaryimage\",\"url\":\"https:\/\/www.tadig.es\/blog\/wp-content\/uploads\/2019\/12\/patrick-tomasso-5WUB10XtehU-unsplash.jpg\",\"contentUrl\":\"https:\/\/www.tadig.es\/blog\/wp-content\/uploads\/2019\/12\/patrick-tomasso-5WUB10XtehU-unsplash.jpg\",\"width\":4592,\"height\":3448,\"caption\":\"cambair la hora en el tac\u00f3grafo digital\"},{\"@type\":\"BreadcrumbList\",\"@id\":\"https:\/\/www.tadig.es\/blog\/cambiar-hora-tacografo-digital\/#breadcrumb\",\"itemListElement\":[{\"@type\":\"ListItem\",\"position\":1,\"name\":\"Blog\",\"item\":\"https:\/\/www.tadig.es\/blog\/\"},{\"@type\":\"ListItem\",\"position\":2,\"name\":\"C\u00f3mo cambiar la hora en el tac\u00f3grafo digital\"}]},{\"@type\":\"WebSite\",\"@id\":\"https:\/\/www.tadig.es\/blog\/#website\",\"url\":\"https:\/\/www.tadig.es\/blog\/\",\"name\":\"TADIG | Blog\",\"description\":\"Todo lo que necesitas saber sobre el tac\u00f3grafo digital.\",\"publisher\":{\"@id\":\"https:\/\/www.tadig.es\/blog\/#organization\"},\"potentialAction\":[{\"@type\":\"SearchAction\",\"target\":{\"@type\":\"EntryPoint\",\"urlTemplate\":\"https:\/\/www.tadig.es\/blog\/?s={search_term_string}\"},\"query-input\":{\"@type\":\"PropertyValueSpecification\",\"valueRequired\":true,\"valueName\":\"search_term_string\"}}],\"inLanguage\":\"es\"},{\"@type\":\"Organization\",\"@id\":\"https:\/\/www.tadig.es\/blog\/#organization\",\"name\":\"TADIG\",\"url\":\"https:\/\/www.tadig.es\/blog\/\",\"logo\":{\"@type\":\"ImageObject\",\"inLanguage\":\"es\",\"@id\":\"https:\/\/www.tadig.es\/blog\/#\/schema\/logo\/image\/\",\"url\":\"https:\/\/www.tadig.es\/blog\/wp-content\/uploads\/2019\/06\/logo-tadig-1.png\",\"contentUrl\":\"https:\/\/www.tadig.es\/blog\/wp-content\/uploads\/2019\/06\/logo-tadig-1.png\",\"width\":96,\"height\":50,\"caption\":\"TADIG\"},\"image\":{\"@id\":\"https:\/\/www.tadig.es\/blog\/#\/schema\/logo\/image\/\"},\"sameAs\":[\"https:\/\/x.com\/tacografo_Tadig\"]},{\"@type\":\"Person\",\"@id\":\"https:\/\/www.tadig.es\/blog\/#\/schema\/person\/9cf0c19b32fe558592dd4e212befeeac\",\"name\":\"Raquel de TADIG\",\"image\":{\"@type\":\"ImageObject\",\"inLanguage\":\"es\",\"@id\":\"https:\/\/www.tadig.es\/blog\/#\/schema\/person\/image\/\",\"url\":\"https:\/\/secure.gravatar.com\/avatar\/670741e8776dde149139572ca54e203f920ec4d7da6cbcc5c032734ff57ba297?s=96&d=mm&r=g\",\"contentUrl\":\"https:\/\/secure.gravatar.com\/avatar\/670741e8776dde149139572ca54e203f920ec4d7da6cbcc5c032734ff57ba297?s=96&d=mm&r=g\",\"caption\":\"Raquel de TADIG\"}}]}<\/script>\n<!-- \/ Yoast SEO plugin. -->","yoast_head_json":{"title":"C\u00f3mo cambiar la hora en el tac\u00f3grafo digital - TADIG | Blog","description":"Aprende a cambiar la hora en el tac\u00f3grafo digital para ajustarse al horario local, y a ajustar la hora UTC en los casos previstos.","robots":{"index":"index","follow":"follow","max-snippet":"max-snippet:-1","max-image-preview":"max-image-preview:large","max-video-preview":"max-video-preview:-1"},"canonical":"https:\/\/www.tadig.es\/blog\/cambiar-hora-tacografo-digital\/","og_locale":"es_ES","og_type":"article","og_title":"C\u00f3mo cambiar la hora en el tac\u00f3grafo digital - TADIG | Blog","og_description":"Aprende a cambiar la hora en el tac\u00f3grafo digital para ajustarse al horario local, y a ajustar la hora UTC en los casos previstos.","og_url":"https:\/\/www.tadig.es\/blog\/cambiar-hora-tacografo-digital\/","og_site_name":"TADIG | Blog","article_published_time":"2019-12-16T08:00:44+00:00","article_modified_time":"2021-10-21T11:31:34+00:00","og_image":[{"width":4592,"height":3448,"url":"https:\/\/www.tadig.es\/blog\/wp-content\/uploads\/2019\/12\/patrick-tomasso-5WUB10XtehU-unsplash.jpg","type":"image\/jpeg"}],"author":"Raquel de TADIG","twitter_card":"summary_large_image","twitter_creator":"@tacografo_Tadig","twitter_site":"@tacografo_Tadig","twitter_misc":{"Escrito por":"Raquel de TADIG","Tiempo de lectura":"4 minutos"},"schema":{"@context":"https:\/\/schema.org","@graph":[{"@type":"Article","@id":"https:\/\/www.tadig.es\/blog\/cambiar-hora-tacografo-digital\/#article","isPartOf":{"@id":"https:\/\/www.tadig.es\/blog\/cambiar-hora-tacografo-digital\/"},"author":{"name":"Raquel de TADIG","@id":"https:\/\/www.tadig.es\/blog\/#\/schema\/person\/9cf0c19b32fe558592dd4e212befeeac"},"headline":"C\u00f3mo cambiar la hora en el tac\u00f3grafo digital","datePublished":"2019-12-16T08:00:44+00:00","dateModified":"2021-10-21T11:31:34+00:00","mainEntityOfPage":{"@id":"https:\/\/www.tadig.es\/blog\/cambiar-hora-tacografo-digital\/"},"wordCount":912,"commentCount":0,"publisher":{"@id":"https:\/\/www.tadig.es\/blog\/#organization"},"image":{"@id":"https:\/\/www.tadig.es\/blog\/cambiar-hora-tacografo-digital\/#primaryimage"},"thumbnailUrl":"https:\/\/www.tadig.es\/blog\/wp-content\/uploads\/2019\/12\/patrick-tomasso-5WUB10XtehU-unsplash.jpg","keywords":["aprende a usar el tac\u00f3grafo digital","gesti\u00f3n del tac\u00f3grafo digital"],"articleSection":["Cuestiones t\u00e9cnicas"],"inLanguage":"es","potentialAction":[{"@type":"CommentAction","name":"Comment","target":["https:\/\/www.tadig.es\/blog\/cambiar-hora-tacografo-digital\/#respond"]}]},{"@type":"WebPage","@id":"https:\/\/www.tadig.es\/blog\/cambiar-hora-tacografo-digital\/","url":"https:\/\/www.tadig.es\/blog\/cambiar-hora-tacografo-digital\/","name":"C\u00f3mo cambiar la hora en el tac\u00f3grafo digital - TADIG | Blog","isPartOf":{"@id":"https:\/\/www.tadig.es\/blog\/#website"},"primaryImageOfPage":{"@id":"https:\/\/www.tadig.es\/blog\/cambiar-hora-tacografo-digital\/#primaryimage"},"image":{"@id":"https:\/\/www.tadig.es\/blog\/cambiar-hora-tacografo-digital\/#primaryimage"},"thumbnailUrl":"https:\/\/www.tadig.es\/blog\/wp-content\/uploads\/2019\/12\/patrick-tomasso-5WUB10XtehU-unsplash.jpg","datePublished":"2019-12-16T08:00:44+00:00","dateModified":"2021-10-21T11:31:34+00:00","description":"Aprende a cambiar la hora en el tac\u00f3grafo digital para ajustarse al horario local, y a ajustar la hora UTC en los casos previstos.","breadcrumb":{"@id":"https:\/\/www.tadig.es\/blog\/cambiar-hora-tacografo-digital\/#breadcrumb"},"inLanguage":"es","potentialAction":[{"@type":"ReadAction","target":["https:\/\/www.tadig.es\/blog\/cambiar-hora-tacografo-digital\/"]}]},{"@type":"ImageObject","inLanguage":"es","@id":"https:\/\/www.tadig.es\/blog\/cambiar-hora-tacografo-digital\/#primaryimage","url":"https:\/\/www.tadig.es\/blog\/wp-content\/uploads\/2019\/12\/patrick-tomasso-5WUB10XtehU-unsplash.jpg","contentUrl":"https:\/\/www.tadig.es\/blog\/wp-content\/uploads\/2019\/12\/patrick-tomasso-5WUB10XtehU-unsplash.jpg","width":4592,"height":3448,"caption":"cambair la hora en el tac\u00f3grafo digital"},{"@type":"BreadcrumbList","@id":"https:\/\/www.tadig.es\/blog\/cambiar-hora-tacografo-digital\/#breadcrumb","itemListElement":[{"@type":"ListItem","position":1,"name":"Blog","item":"https:\/\/www.tadig.es\/blog\/"},{"@type":"ListItem","position":2,"name":"C\u00f3mo cambiar la hora en el tac\u00f3grafo digital"}]},{"@type":"WebSite","@id":"https:\/\/www.tadig.es\/blog\/#website","url":"https:\/\/www.tadig.es\/blog\/","name":"TADIG | Blog","description":"Todo lo que necesitas saber sobre el tac\u00f3grafo digital.","publisher":{"@id":"https:\/\/www.tadig.es\/blog\/#organization"},"potentialAction":[{"@type":"SearchAction","target":{"@type":"EntryPoint","urlTemplate":"https:\/\/www.tadig.es\/blog\/?s={search_term_string}"},"query-input":{"@type":"PropertyValueSpecification","valueRequired":true,"valueName":"search_term_string"}}],"inLanguage":"es"},{"@type":"Organization","@id":"https:\/\/www.tadig.es\/blog\/#organization","name":"TADIG","url":"https:\/\/www.tadig.es\/blog\/","logo":{"@type":"ImageObject","inLanguage":"es","@id":"https:\/\/www.tadig.es\/blog\/#\/schema\/logo\/image\/","url":"https:\/\/www.tadig.es\/blog\/wp-content\/uploads\/2019\/06\/logo-tadig-1.png","contentUrl":"https:\/\/www.tadig.es\/blog\/wp-content\/uploads\/2019\/06\/logo-tadig-1.png","width":96,"height":50,"caption":"TADIG"},"image":{"@id":"https:\/\/www.tadig.es\/blog\/#\/schema\/logo\/image\/"},"sameAs":["https:\/\/x.com\/tacografo_Tadig"]},{"@type":"Person","@id":"https:\/\/www.tadig.es\/blog\/#\/schema\/person\/9cf0c19b32fe558592dd4e212befeeac","name":"Raquel de TADIG","image":{"@type":"ImageObject","inLanguage":"es","@id":"https:\/\/www.tadig.es\/blog\/#\/schema\/person\/image\/","url":"https:\/\/secure.gravatar.com\/avatar\/670741e8776dde149139572ca54e203f920ec4d7da6cbcc5c032734ff57ba297?s=96&d=mm&r=g","contentUrl":"https:\/\/secure.gravatar.com\/avatar\/670741e8776dde149139572ca54e203f920ec4d7da6cbcc5c032734ff57ba297?s=96&d=mm&r=g","caption":"Raquel de TADIG"}}]}},"_links":{"self":[{"href":"https:\/\/www.tadig.es\/blog\/wp-json\/wp\/v2\/posts\/1136","targetHints":{"allow":["GET"]}}],"collection":[{"href":"https:\/\/www.tadig.es\/blog\/wp-json\/wp\/v2\/posts"}],"about":[{"href":"https:\/\/www.tadig.es\/blog\/wp-json\/wp\/v2\/types\/post"}],"author":[{"embeddable":true,"href":"https:\/\/www.tadig.es\/blog\/wp-json\/wp\/v2\/users\/2"}],"replies":[{"embeddable":true,"href":"https:\/\/www.tadig.es\/blog\/wp-json\/wp\/v2\/comments?post=1136"}],"version-history":[{"count":0,"href":"https:\/\/www.tadig.es\/blog\/wp-json\/wp\/v2\/posts\/1136\/revisions"}],"wp:featuredmedia":[{"embeddable":true,"href":"https:\/\/www.tadig.es\/blog\/wp-json\/wp\/v2\/media\/1137"}],"wp:attachment":[{"href":"https:\/\/www.tadig.es\/blog\/wp-json\/wp\/v2\/media?parent=1136"}],"wp:term":[{"taxonomy":"category","embeddable":true,"href":"https:\/\/www.tadig.es\/blog\/wp-json\/wp\/v2\/categories?post=1136"},{"taxonomy":"post_tag","embeddable":true,"href":"https:\/\/www.tadig.es\/blog\/wp-json\/wp\/v2\/tags?post=1136"}],"curies":[{"name":"wp","href":"https:\/\/api.w.org\/{rel}","templated":true}]}}